{"id":5177,"date":"2021-09-15T13:02:57","date_gmt":"2021-09-15T17:02:57","guid":{"rendered":"https:\/\/ciudadanoaustral.org\/web\/?p=5177"},"modified":"2021-09-15T13:02:57","modified_gmt":"2021-09-15T17:02:57","slug":"sobre-del-indice-de-libertad-economica-carta-al-director-el-mercurio","status":"publish","type":"post","link":"https:\/\/ciudadanoaustral.org\/web\/2021\/09\/15\/sobre-del-indice-de-libertad-economica-carta-al-director-el-mercurio\/","title":{"rendered":"Sobre del \u00cdndice de Libertad Econ\u00f3mica &#8211; Carta al Director El Mercurio"},"content":{"rendered":"<p>Sr. Director:<\/p>\n<p>Respecto a la nota publicada el d\u00eda 14 de septiembre de 2021 sobre del \u00cdndice de Libertad Econ\u00f3mica elaborado por el Instituto Fraser de Canad\u00e1, vengo a mencionar que los lugares de Chile desde 2009 difieren de los indicados en su nota, y los puestos reflejan un retroceso en 10 a\u00f1os mayor seg\u00fan se indica: 5 (2009), 5 (2010), 7 (2011), 10 (2012), 11 (2013), 10 (2014), 10 (2015), 13 (2016), 15 (2017), 15 (2018), 13 (2019), 14 (2020), 29 (2021).<\/p>\n<p>Eso implica que en 10 a\u00f1os, hemos retrocedido 22 lugares y no 20 como se visualiza en la noticia. Sin duda, una alarma tremenda ante este retroceso de nuestro pa\u00eds \u00bfQui\u00e9n pondr\u00e1 el cascabel al gato?<\/p>\n<p><img loading=\"lazy\" decoding=\"async\" class=\"alignnone size-full wp-image-5178\" src=\"https:\/\/ciudadanoaustral.org\/web\/wp-content\/uploads\/2021\/09\/photo_2021-09-15_00-54-56.jpg\" alt=\"\" width=\"978\" height=\"601\" srcset=\"https:\/\/ciudadanoaustral.org\/web\/wp-content\/uploads\/2021\/09\/photo_2021-09-15_00-54-56.jpg 978w, https:\/\/ciudadanoaustral.org\/web\/wp-content\/uploads\/2021\/09\/photo_2021-09-15_00-54-56-768x472.jpg 768w\" sizes=\"auto, (max-width: 978px) 100vw, 978px\" \/><\/p>\n<p>Andr\u00e9s Barrientos C\u00e1rdenas<br \/>\nCofundador Fundaci\u00f3n Ciudadano Austral<\/p>\n","protected":false},"excerpt":{"rendered":"<p>Sr. Director: Respecto a la nota publicada el d\u00eda 14 de septiembre de 2021 sobre del \u00cdndice de Libertad Econ\u00f3mica elaborado por el Instituto Fraser de Canad\u00e1, vengo a mencionar que los lugares de Chile desde 2009 difieren de los indicados en su nota, y los puestos reflejan un retroceso en 10 a\u00f1os mayor seg\u00fan&#8230; <\/p>\n<div class=\"clear\"><\/div>\n<p><a href=\"https:\/\/ciudadanoaustral.org\/web\/2021\/09\/15\/sobre-del-indice-de-libertad-economica-carta-al-director-el-mercurio\/\" class=\"excerpt-read-more\">Read More<\/a><\/p>\n","protected":false},"author":3,"featured_media":5179,"comment_status":"closed","ping_status":"open","sticky":false,"template":"","format":"standard","meta":{"footnotes":""},"categories":[9],"tags":[],"class_list":["post-5177","post","type-post","status-publish","format-standard","has-post-thumbnail","hentry","category-opiniones"],"aioseo_notices":[],"aioseo_head":"\n\t\t<!-- All in One SEO 5.0.1.1 - aioseo.com -->\n\t<meta name=\"robots\" content=\"max-image-preview:large\" \/>\n\t<meta name=\"author\" content=\"Ciudadano Austral\"\/>\n\t<link rel=\"canonical\" href=\"https:\/\/ciudadanoaustral.org\/web\/2021\/09\/15\/sobre-del-indice-de-libertad-economica-carta-al-director-el-mercurio\/\" \/>\n\t<meta name=\"generator\" content=\"All in One SEO (AIOSEO) 5.0.1.1\" \/>\n\t\t<meta property=\"og:locale\" content=\"es_ES\" \/>\n\t\t<meta property=\"og:site_name\" content=\"Ciudadano Austral | El Think Tank m\u00e1s Austral del Mundo\" \/>\n\t\t<meta property=\"og:type\" content=\"article\" \/>\n\t\t<meta property=\"og:title\" content=\"Sobre del \u00cdndice de Libertad Econ\u00f3mica \u2013 Carta al Director El Mercurio | Ciudadano Austral\" \/>\n\t\t<meta property=\"og:url\" content=\"https:\/\/ciudadanoaustral.org\/web\/2021\/09\/15\/sobre-del-indice-de-libertad-economica-carta-al-director-el-mercurio\/\" \/>\n\t\t<meta property=\"og:image\" content=\"https:\/\/ciudadanoaustral.org\/web\/wp-content\/uploads\/2021\/09\/economic-freedom-of-the-world-2021.jpg\" \/>\n\t\t<meta property=\"og:image:secure_url\" content=\"https:\/\/ciudadanoaustral.org\/web\/wp-content\/uploads\/2021\/09\/economic-freedom-of-the-world-2021.jpg\" \/>\n\t\t<meta property=\"og:image:width\" content=\"800\" \/>\n\t\t<meta property=\"og:image:height\" content=\"400\" \/>\n\t\t<meta property=\"article:published_time\" content=\"2021-09-15T17:02:57+00:00\" \/>\n\t\t<meta property=\"article:modified_time\" content=\"2021-09-15T17:02:57+00:00\" \/>\n\t\t<meta name=\"twitter:card\" content=\"summary\" \/>\n\t\t<meta name=\"twitter:title\" content=\"Sobre del \u00cdndice de Libertad Econ\u00f3mica \u2013 Carta al Director El Mercurio | Ciudadano Austral\" \/>\n\t\t<meta name=\"twitter:image\" content=\"https:\/\/ciudadanoaustral.org\/web\/wp-content\/uploads\/2021\/09\/economic-freedom-of-the-world-2021.jpg\" \/>\n\t\t<script type=\"application\/ld+json\" class=\"aioseo-schema\">\n\t\t\t{\"@context\":\"https:\\\/\\\/schema.org\",\"@graph\":[{\"@type\":\"Article\",\"@id\":\"https:\\\/\\\/ciudadanoaustral.org\\\/web\\\/2021\\\/09\\\/15\\\/sobre-del-indice-de-libertad-economica-carta-al-director-el-mercurio\\\/#article\",\"name\":\"Sobre del \\u00cdndice de Libertad Econ\\u00f3mica \\u2013 Carta al Director El Mercurio | Ciudadano Austral\",\"headline\":\"Sobre del \\u00cdndice de Libertad Econ\\u00f3mica &#8211; Carta al Director El Mercurio\",\"author\":{\"@id\":\"https:\\\/\\\/ciudadanoaustral.org\\\/web\\\/author\\\/ciudadano-austral\\\/#author\"},\"publisher\":{\"@id\":\"https:\\\/\\\/ciudadanoaustral.org\\\/web\\\/#organization\"},\"image\":{\"@type\":\"ImageObject\",\"url\":\"https:\\\/\\\/ciudadanoaustral.org\\\/web\\\/wp-content\\\/uploads\\\/2021\\\/09\\\/economic-freedom-of-the-world-2021.jpg\",\"width\":800,\"height\":400},\"datePublished\":\"2021-09-15T13:02:57-04:00\",\"dateModified\":\"2021-09-15T13:02:57-04:00\",\"inLanguage\":\"es-ES\",\"mainEntityOfPage\":{\"@id\":\"https:\\\/\\\/ciudadanoaustral.org\\\/web\\\/2021\\\/09\\\/15\\\/sobre-del-indice-de-libertad-economica-carta-al-director-el-mercurio\\\/#webpage\"},\"isPartOf\":{\"@id\":\"https:\\\/\\\/ciudadanoaustral.org\\\/web\\\/2021\\\/09\\\/15\\\/sobre-del-indice-de-libertad-economica-carta-al-director-el-mercurio\\\/#webpage\"},\"articleSection\":\"Opiniones\"},{\"@type\":\"BreadcrumbList\",\"@id\":\"https:\\\/\\\/ciudadanoaustral.org\\\/web\\\/2021\\\/09\\\/15\\\/sobre-del-indice-de-libertad-economica-carta-al-director-el-mercurio\\\/#breadcrumblist\",\"itemListElement\":[{\"@type\":\"ListItem\",\"@id\":\"https:\\\/\\\/ciudadanoaustral.org\\\/web#listItem\",\"position\":1,\"name\":\"Inicio\",\"item\":\"https:\\\/\\\/ciudadanoaustral.org\\\/web\",\"nextItem\":{\"@type\":\"ListItem\",\"@id\":\"https:\\\/\\\/ciudadanoaustral.org\\\/web\\\/category\\\/opiniones\\\/#listItem\",\"name\":\"Opiniones\"}},{\"@type\":\"ListItem\",\"@id\":\"https:\\\/\\\/ciudadanoaustral.org\\\/web\\\/category\\\/opiniones\\\/#listItem\",\"position\":2,\"name\":\"Opiniones\",\"item\":\"https:\\\/\\\/ciudadanoaustral.org\\\/web\\\/category\\\/opiniones\\\/\",\"nextItem\":{\"@type\":\"ListItem\",\"@id\":\"https:\\\/\\\/ciudadanoaustral.org\\\/web\\\/2021\\\/09\\\/15\\\/sobre-del-indice-de-libertad-economica-carta-al-director-el-mercurio\\\/#listItem\",\"name\":\"Sobre del \\u00cdndice de Libertad Econ\\u00f3mica &#8211; Carta al Director El Mercurio\"},\"previousItem\":{\"@type\":\"ListItem\",\"@id\":\"https:\\\/\\\/ciudadanoaustral.org\\\/web#listItem\",\"name\":\"Inicio\"}},{\"@type\":\"ListItem\",\"@id\":\"https:\\\/\\\/ciudadanoaustral.org\\\/web\\\/2021\\\/09\\\/15\\\/sobre-del-indice-de-libertad-economica-carta-al-director-el-mercurio\\\/#listItem\",\"position\":3,\"name\":\"Sobre del \\u00cdndice de Libertad Econ\\u00f3mica &#8211; Carta al Director El Mercurio\",\"previousItem\":{\"@type\":\"ListItem\",\"@id\":\"https:\\\/\\\/ciudadanoaustral.org\\\/web\\\/category\\\/opiniones\\\/#listItem\",\"name\":\"Opiniones\"}}]},{\"@type\":\"Organization\",\"@id\":\"https:\\\/\\\/ciudadanoaustral.org\\\/web\\\/#organization\",\"name\":\"Ciudadano Austral\",\"description\":\"El Think Tank m\\u00e1s Austral del Mundo\",\"url\":\"https:\\\/\\\/ciudadanoaustral.org\\\/web\\\/\"},{\"@type\":\"Person\",\"@id\":\"https:\\\/\\\/ciudadanoaustral.org\\\/web\\\/author\\\/ciudadano-austral\\\/#author\",\"url\":\"https:\\\/\\\/ciudadanoaustral.org\\\/web\\\/author\\\/ciudadano-austral\\\/\",\"name\":\"Ciudadano Austral\",\"image\":{\"@type\":\"ImageObject\",\"@id\":\"https:\\\/\\\/ciudadanoaustral.org\\\/web\\\/2021\\\/09\\\/15\\\/sobre-del-indice-de-libertad-economica-carta-al-director-el-mercurio\\\/#authorImage\",\"url\":\"http:\\\/\\\/ciudadanoaustral.org\\\/web\\\/wp-content\\\/uploads\\\/2017\\\/03\\\/logoCA-96x96.ico\",\"width\":96,\"height\":96,\"caption\":\"Ciudadano Austral\"}},{\"@type\":\"WebPage\",\"@id\":\"https:\\\/\\\/ciudadanoaustral.org\\\/web\\\/2021\\\/09\\\/15\\\/sobre-del-indice-de-libertad-economica-carta-al-director-el-mercurio\\\/#webpage\",\"url\":\"https:\\\/\\\/ciudadanoaustral.org\\\/web\\\/2021\\\/09\\\/15\\\/sobre-del-indice-de-libertad-economica-carta-al-director-el-mercurio\\\/\",\"name\":\"Sobre del \\u00cdndice de Libertad Econ\\u00f3mica \\u2013 Carta al Director El Mercurio | Ciudadano Austral\",\"inLanguage\":\"es-ES\",\"isPartOf\":{\"@id\":\"https:\\\/\\\/ciudadanoaustral.org\\\/web\\\/#website\"},\"breadcrumb\":{\"@id\":\"https:\\\/\\\/ciudadanoaustral.org\\\/web\\\/2021\\\/09\\\/15\\\/sobre-del-indice-de-libertad-economica-carta-al-director-el-mercurio\\\/#breadcrumblist\"},\"author\":{\"@id\":\"https:\\\/\\\/ciudadanoaustral.org\\\/web\\\/author\\\/ciudadano-austral\\\/#author\"},\"creator\":{\"@id\":\"https:\\\/\\\/ciudadanoaustral.org\\\/web\\\/author\\\/ciudadano-austral\\\/#author\"},\"image\":{\"@type\":\"ImageObject\",\"url\":\"https:\\\/\\\/ciudadanoaustral.org\\\/web\\\/wp-content\\\/uploads\\\/2021\\\/09\\\/economic-freedom-of-the-world-2021.jpg\",\"@id\":\"https:\\\/\\\/ciudadanoaustral.org\\\/web\\\/2021\\\/09\\\/15\\\/sobre-del-indice-de-libertad-economica-carta-al-director-el-mercurio\\\/#mainImage\",\"width\":800,\"height\":400},\"primaryImageOfPage\":{\"@id\":\"https:\\\/\\\/ciudadanoaustral.org\\\/web\\\/2021\\\/09\\\/15\\\/sobre-del-indice-de-libertad-economica-carta-al-director-el-mercurio\\\/#mainImage\"},\"datePublished\":\"2021-09-15T13:02:57-04:00\",\"dateModified\":\"2021-09-15T13:02:57-04:00\"},{\"@type\":\"WebSite\",\"@id\":\"https:\\\/\\\/ciudadanoaustral.org\\\/web\\\/#website\",\"url\":\"https:\\\/\\\/ciudadanoaustral.org\\\/web\\\/\",\"name\":\"Ciudadano Austral\",\"description\":\"El Think Tank m\\u00e1s Austral del Mundo\",\"inLanguage\":\"es-ES\",\"publisher\":{\"@id\":\"https:\\\/\\\/ciudadanoaustral.org\\\/web\\\/#organization\"}}]}\n\t\t<\/script>\n\t\t<!-- All in One SEO -->\n\n","aioseo_head_json":{"title":"Sobre del \u00cdndice de Libertad Econ\u00f3mica \u2013 Carta al Director El Mercurio | Ciudadano Austral","description":"","canonical_url":"https:\/\/ciudadanoaustral.org\/web\/2021\/09\/15\/sobre-del-indice-de-libertad-economica-carta-al-director-el-mercurio\/","robots":"max-image-preview:large","keywords":"","webmasterTools":{"miscellaneous":""},"schema":{"@context":"https:\/\/schema.org","@graph":[{"@type":"Article","@id":"https:\/\/ciudadanoaustral.org\/web\/2021\/09\/15\/sobre-del-indice-de-libertad-economica-carta-al-director-el-mercurio\/#article","name":"Sobre del \u00cdndice de Libertad Econ\u00f3mica \u2013 Carta al Director El Mercurio | Ciudadano Austral","headline":"Sobre del \u00cdndice de Libertad Econ\u00f3mica &#8211; Carta al Director El Mercurio","author":{"@id":"https:\/\/ciudadanoaustral.org\/web\/author\/ciudadano-austral\/#author"},"publisher":{"@id":"https:\/\/ciudadanoaustral.org\/web\/#organization"},"image":{"@type":"ImageObject","url":"https:\/\/ciudadanoaustral.org\/web\/wp-content\/uploads\/2021\/09\/economic-freedom-of-the-world-2021.jpg","width":800,"height":400},"datePublished":"2021-09-15T13:02:57-04:00","dateModified":"2021-09-15T13:02:57-04:00","inLanguage":"es-ES","mainEntityOfPage":{"@id":"https:\/\/ciudadanoaustral.org\/web\/2021\/09\/15\/sobre-del-indice-de-libertad-economica-carta-al-director-el-mercurio\/#webpage"},"isPartOf":{"@id":"https:\/\/ciudadanoaustral.org\/web\/2021\/09\/15\/sobre-del-indice-de-libertad-economica-carta-al-director-el-mercurio\/#webpage"},"articleSection":"Opiniones"},{"@type":"BreadcrumbList","@id":"https:\/\/ciudadanoaustral.org\/web\/2021\/09\/15\/sobre-del-indice-de-libertad-economica-carta-al-director-el-mercurio\/#breadcrumblist","itemListElement":[{"@type":"ListItem","@id":"https:\/\/ciudadanoaustral.org\/web#listItem","position":1,"name":"Inicio","item":"https:\/\/ciudadanoaustral.org\/web","nextItem":{"@type":"ListItem","@id":"https:\/\/ciudadanoaustral.org\/web\/category\/opiniones\/#listItem","name":"Opiniones"}},{"@type":"ListItem","@id":"https:\/\/ciudadanoaustral.org\/web\/category\/opiniones\/#listItem","position":2,"name":"Opiniones","item":"https:\/\/ciudadanoaustral.org\/web\/category\/opiniones\/","nextItem":{"@type":"ListItem","@id":"https:\/\/ciudadanoaustral.org\/web\/2021\/09\/15\/sobre-del-indice-de-libertad-economica-carta-al-director-el-mercurio\/#listItem","name":"Sobre del \u00cdndice de Libertad Econ\u00f3mica &#8211; Carta al Director El Mercurio"},"previousItem":{"@type":"ListItem","@id":"https:\/\/ciudadanoaustral.org\/web#listItem","name":"Inicio"}},{"@type":"ListItem","@id":"https:\/\/ciudadanoaustral.org\/web\/2021\/09\/15\/sobre-del-indice-de-libertad-economica-carta-al-director-el-mercurio\/#listItem","position":3,"name":"Sobre del \u00cdndice de Libertad Econ\u00f3mica &#8211; Carta al Director El Mercurio","previousItem":{"@type":"ListItem","@id":"https:\/\/ciudadanoaustral.org\/web\/category\/opiniones\/#listItem","name":"Opiniones"}}]},{"@type":"Organization","@id":"https:\/\/ciudadanoaustral.org\/web\/#organization","name":"Ciudadano Austral","description":"El Think Tank m\u00e1s Austral del Mundo","url":"https:\/\/ciudadanoaustral.org\/web\/"},{"@type":"Person","@id":"https:\/\/ciudadanoaustral.org\/web\/author\/ciudadano-austral\/#author","url":"https:\/\/ciudadanoaustral.org\/web\/author\/ciudadano-austral\/","name":"Ciudadano Austral","image":{"@type":"ImageObject","@id":"https:\/\/ciudadanoaustral.org\/web\/2021\/09\/15\/sobre-del-indice-de-libertad-economica-carta-al-director-el-mercurio\/#authorImage","url":"http:\/\/ciudadanoaustral.org\/web\/wp-content\/uploads\/2017\/03\/logoCA-96x96.ico","width":96,"height":96,"caption":"Ciudadano Austral"}},{"@type":"WebPage","@id":"https:\/\/ciudadanoaustral.org\/web\/2021\/09\/15\/sobre-del-indice-de-libertad-economica-carta-al-director-el-mercurio\/#webpage","url":"https:\/\/ciudadanoaustral.org\/web\/2021\/09\/15\/sobre-del-indice-de-libertad-economica-carta-al-director-el-mercurio\/","name":"Sobre del \u00cdndice de Libertad Econ\u00f3mica \u2013 Carta al Director El Mercurio | Ciudadano Austral","inLanguage":"es-ES","isPartOf":{"@id":"https:\/\/ciudadanoaustral.org\/web\/#website"},"breadcrumb":{"@id":"https:\/\/ciudadanoaustral.org\/web\/2021\/09\/15\/sobre-del-indice-de-libertad-economica-carta-al-director-el-mercurio\/#breadcrumblist"},"author":{"@id":"https:\/\/ciudadanoaustral.org\/web\/author\/ciudadano-austral\/#author"},"creator":{"@id":"https:\/\/ciudadanoaustral.org\/web\/author\/ciudadano-austral\/#author"},"image":{"@type":"ImageObject","url":"https:\/\/ciudadanoaustral.org\/web\/wp-content\/uploads\/2021\/09\/economic-freedom-of-the-world-2021.jpg","@id":"https:\/\/ciudadanoaustral.org\/web\/2021\/09\/15\/sobre-del-indice-de-libertad-economica-carta-al-director-el-mercurio\/#mainImage","width":800,"height":400},"primaryImageOfPage":{"@id":"https:\/\/ciudadanoaustral.org\/web\/2021\/09\/15\/sobre-del-indice-de-libertad-economica-carta-al-director-el-mercurio\/#mainImage"},"datePublished":"2021-09-15T13:02:57-04:00","dateModified":"2021-09-15T13:02:57-04:00"},{"@type":"WebSite","@id":"https:\/\/ciudadanoaustral.org\/web\/#website","url":"https:\/\/ciudadanoaustral.org\/web\/","name":"Ciudadano Austral","description":"El Think Tank m\u00e1s Austral del Mundo","inLanguage":"es-ES","publisher":{"@id":"https:\/\/ciudadanoaustral.org\/web\/#organization"}}]},"og:locale":"es_ES","og:site_name":"Ciudadano Austral | El Think Tank m\u00e1s Austral del Mundo","og:type":"article","og:title":"Sobre del \u00cdndice de Libertad Econ\u00f3mica \u2013 Carta al Director El Mercurio | Ciudadano Austral","og:url":"https:\/\/ciudadanoaustral.org\/web\/2021\/09\/15\/sobre-del-indice-de-libertad-economica-carta-al-director-el-mercurio\/","og:image":"https:\/\/ciudadanoaustral.org\/web\/wp-content\/uploads\/2021\/09\/economic-freedom-of-the-world-2021.jpg","og:image:secure_url":"https:\/\/ciudadanoaustral.org\/web\/wp-content\/uploads\/2021\/09\/economic-freedom-of-the-world-2021.jpg","og:image:width":800,"og:image:height":400,"article:published_time":"2021-09-15T17:02:57+00:00","article:modified_time":"2021-09-15T17:02:57+00:00","twitter:card":"summary","twitter:title":"Sobre del \u00cdndice de Libertad Econ\u00f3mica \u2013 Carta al Director El Mercurio | Ciudadano Austral","twitter:image":"https:\/\/ciudadanoaustral.org\/web\/wp-content\/uploads\/2021\/09\/economic-freedom-of-the-world-2021.jpg"},"aioseo_meta_data":{"post_id":"5177","title":null,"description":null,"keywords":[],"keyphrases":{"focus":[],"additional":[]},"primary_term":null,"canonical_url":null,"og_title":null,"og_description":null,"og_object_type":"default","og_image_type":"featured","og_image_url":null,"og_image_width":null,"og_image_height":null,"og_image_custom_url":null,"og_image_custom_fields":null,"og_video":"","og_custom_url":null,"og_article_section":null,"og_article_tags":[],"twitter_use_og":false,"twitter_card":"default","twitter_image_type":"featured","twitter_image_url":null,"twitter_image_custom_url":null,"twitter_image_custom_fields":null,"twitter_title":null,"twitter_description":null,"schema":{"blockGraphs":[],"customGraphs":[],"default":{"data":{"Article":[],"Course":[],"Dataset":[],"FAQPage":[],"Movie":[],"Person":[],"Product":[],"ProductReview":[],"Car":[],"Recipe":[],"Service":[],"SoftwareApplication":[],"WebPage":[]},"graphName":"","isEnabled":true},"graphs":[]},"schema_type":"default","schema_type_options":"{\"article\":{\"articleType\":\"BlogPosting\"},\"course\":{\"name\":\"\",\"description\":\"\",\"provider\":\"\"},\"faq\":{\"pages\":[]},\"product\":{\"reviews\":[]},\"recipe\":{\"ingredients\":[],\"instructions\":[],\"keywords\":[]},\"software\":{\"reviews\":[],\"operatingSystems\":[]},\"webPage\":{\"webPageType\":\"WebPage\"}}","pillar_content":false,"robots_default":true,"robots_noindex":false,"robots_noarchive":false,"robots_nosnippet":false,"robots_nofollow":false,"robots_noimageindex":false,"robots_noodp":false,"robots_notranslate":false,"robots_max_snippet":"-1","robots_max_videopreview":"-1","robots_max_imagepreview":"large","priority":null,"frequency":"default","location":null,"local_seo":null,"breadcrumb_settings":null,"limit_modified_date":false,"ai":null,"created":"2021-09-15 16:58:01","updated":"2025-06-04 02:35:25","seo_analyzer_scan_date":null,"focus_keyword":null,"additional_keywords":null,"truseo_locale":null},"aioseo_breadcrumb":"<div class=\"aioseo-breadcrumbs\"><span class=\"aioseo-breadcrumb\">\n\t\t\t<a href=\"https:\/\/ciudadanoaustral.org\/web\" title=\"Inicio\">Inicio<\/a>\n\t\t<\/span><span class=\"aioseo-breadcrumb-separator\">&raquo;<\/span><span class=\"aioseo-breadcrumb\">\n\t\t\t<a href=\"https:\/\/ciudadanoaustral.org\/web\/category\/opiniones\/\" title=\"Opiniones\">Opiniones<\/a>\n\t\t<\/span><span class=\"aioseo-breadcrumb-separator\">&raquo;<\/span><span class=\"aioseo-breadcrumb\">\n\t\t\tSobre del \u00cdndice de Libertad Econ\u00f3mica \u2013 Carta al Director El Mercurio\n\t\t<\/span><\/div>","aioseo_breadcrumb_json":[{"label":"Inicio","link":"https:\/\/ciudadanoaustral.org\/web"},{"label":"Opiniones","link":"https:\/\/ciudadanoaustral.org\/web\/category\/opiniones\/"},{"label":"Sobre del \u00cdndice de Libertad Econ\u00f3mica &#8211; Carta al Director El Mercurio","link":"https:\/\/ciudadanoaustral.org\/web\/2021\/09\/15\/sobre-del-indice-de-libertad-economica-carta-al-director-el-mercurio\/"}],"_links":{"self":[{"href":"https:\/\/ciudadanoaustral.org\/web\/wp-json\/wp\/v2\/posts\/5177","targetHints":{"allow":["GET"]}}],"collection":[{"href":"https:\/\/ciudadanoaustral.org\/web\/wp-json\/wp\/v2\/posts"}],"about":[{"href":"https:\/\/ciudadanoaustral.org\/web\/wp-json\/wp\/v2\/types\/post"}],"author":[{"embeddable":true,"href":"https:\/\/ciudadanoaustral.org\/web\/wp-json\/wp\/v2\/users\/3"}],"replies":[{"embeddable":true,"href":"https:\/\/ciudadanoaustral.org\/web\/wp-json\/wp\/v2\/comments?post=5177"}],"version-history":[{"count":1,"href":"https:\/\/ciudadanoaustral.org\/web\/wp-json\/wp\/v2\/posts\/5177\/revisions"}],"predecessor-version":[{"id":5180,"href":"https:\/\/ciudadanoaustral.org\/web\/wp-json\/wp\/v2\/posts\/5177\/revisions\/5180"}],"wp:featuredmedia":[{"embeddable":true,"href":"https:\/\/ciudadanoaustral.org\/web\/wp-json\/wp\/v2\/media\/5179"}],"wp:attachment":[{"href":"https:\/\/ciudadanoaustral.org\/web\/wp-json\/wp\/v2\/media?parent=5177"}],"wp:term":[{"taxonomy":"category","embeddable":true,"href":"https:\/\/ciudadanoaustral.org\/web\/wp-json\/wp\/v2\/categories?post=5177"},{"taxonomy":"post_tag","embeddable":true,"href":"https:\/\/ciudadanoaustral.org\/web\/wp-json\/wp\/v2\/tags?post=5177"}],"curies":[{"name":"wp","href":"https:\/\/api.w.org\/{rel}","templated":true}]}}