{"id":4494,"date":"2019-11-24T15:19:45","date_gmt":"2019-11-24T19:19:45","guid":{"rendered":"https:\/\/ciudadanoaustral.org\/web\/?p=4494"},"modified":"2019-11-24T15:23:24","modified_gmt":"2019-11-24T19:23:24","slug":"declaracion-publica-a-todos-los-chilenos-de-sentido-comun","status":"publish","type":"post","link":"https:\/\/ciudadanoaustral.org\/web\/2019\/11\/24\/declaracion-publica-a-todos-los-chilenos-de-sentido-comun\/","title":{"rendered":"DECLARACI\u00d3N P\u00daBLICA A TODOS LOS CHILENOS DE SENTIDO COM\u00daN"},"content":{"rendered":"<p>Declaraci\u00f3n P\u00fablica de la Fundaci\u00f3n Ciudadano Austral a todos los chilenos de sentido com\u00fan.<!--more--><\/p>\n<p>&nbsp;<\/p>\n<p><img loading=\"lazy\" decoding=\"async\" class=\"alignnone size-full wp-image-4495\" src=\"https:\/\/ciudadanoaustral.org\/web\/wp-content\/uploads\/2019\/11\/Declaraci\u00f3n-P\u00fablica.jpg\" alt=\"\" width=\"1240\" height=\"1754\" \/><\/p>\n<p>&nbsp;<\/p>\n","protected":false},"excerpt":{"rendered":"<p>Declaraci\u00f3n P\u00fablica de la Fundaci\u00f3n Ciudadano Austral a todos los chilenos de sentido com\u00fan.<\/p>\n","protected":false},"author":3,"featured_media":4495,"comment_status":"closed","ping_status":"open","sticky":false,"template":"","format":"standard","meta":{"footnotes":""},"categories":[4],"tags":[],"class_list":["post-4494","post","type-post","status-publish","format-standard","has-post-thumbnail","hentry","category-noticias"],"aioseo_notices":[],"aioseo_head":"\n\t\t<!-- All in One SEO 5.0.1.1 - aioseo.com -->\n\t<meta name=\"robots\" content=\"max-image-preview:large\" \/>\n\t<meta name=\"author\" content=\"Ciudadano Austral\"\/>\n\t<link rel=\"canonical\" href=\"https:\/\/ciudadanoaustral.org\/web\/2019\/11\/24\/declaracion-publica-a-todos-los-chilenos-de-sentido-comun\/\" \/>\n\t<meta name=\"generator\" content=\"All in One SEO (AIOSEO) 5.0.1.1\" \/>\n\t\t<meta property=\"og:locale\" content=\"es_ES\" \/>\n\t\t<meta property=\"og:site_name\" content=\"Ciudadano Austral | El Think Tank m\u00e1s Austral del Mundo\" \/>\n\t\t<meta property=\"og:type\" content=\"article\" \/>\n\t\t<meta property=\"og:title\" content=\"DECLARACI\u00d3N P\u00daBLICA A TODOS LOS CHILENOS DE SENTIDO COM\u00daN | Ciudadano Austral\" \/>\n\t\t<meta property=\"og:url\" content=\"https:\/\/ciudadanoaustral.org\/web\/2019\/11\/24\/declaracion-publica-a-todos-los-chilenos-de-sentido-comun\/\" \/>\n\t\t<meta property=\"article:published_time\" content=\"2019-11-24T19:19:45+00:00\" \/>\n\t\t<meta property=\"article:modified_time\" content=\"2019-11-24T19:23:24+00:00\" \/>\n\t\t<meta name=\"twitter:card\" content=\"summary\" \/>\n\t\t<meta name=\"twitter:title\" content=\"DECLARACI\u00d3N P\u00daBLICA A TODOS LOS CHILENOS DE SENTIDO COM\u00daN | Ciudadano Austral\" \/>\n\t\t<script type=\"application\/ld+json\" class=\"aioseo-schema\">\n\t\t\t{\"@context\":\"https:\\\/\\\/schema.org\",\"@graph\":[{\"@type\":\"Article\",\"@id\":\"https:\\\/\\\/ciudadanoaustral.org\\\/web\\\/2019\\\/11\\\/24\\\/declaracion-publica-a-todos-los-chilenos-de-sentido-comun\\\/#article\",\"name\":\"DECLARACI\\u00d3N P\\u00daBLICA A TODOS LOS CHILENOS DE SENTIDO COM\\u00daN | Ciudadano Austral\",\"headline\":\"DECLARACI\\u00d3N P\\u00daBLICA A TODOS LOS CHILENOS DE SENTIDO COM\\u00daN\",\"author\":{\"@id\":\"https:\\\/\\\/ciudadanoaustral.org\\\/web\\\/author\\\/ciudadano-austral\\\/#author\"},\"publisher\":{\"@id\":\"https:\\\/\\\/ciudadanoaustral.org\\\/web\\\/#organization\"},\"image\":{\"@type\":\"ImageObject\",\"url\":\"https:\\\/\\\/ciudadanoaustral.org\\\/web\\\/wp-content\\\/uploads\\\/2019\\\/11\\\/Declaraci\\u00f3n-P\\u00fablica-e1574623353830.jpg\",\"width\":1240,\"height\":846},\"datePublished\":\"2019-11-24T15:19:45-04:00\",\"dateModified\":\"2019-11-24T15:23:24-04:00\",\"inLanguage\":\"es-ES\",\"mainEntityOfPage\":{\"@id\":\"https:\\\/\\\/ciudadanoaustral.org\\\/web\\\/2019\\\/11\\\/24\\\/declaracion-publica-a-todos-los-chilenos-de-sentido-comun\\\/#webpage\"},\"isPartOf\":{\"@id\":\"https:\\\/\\\/ciudadanoaustral.org\\\/web\\\/2019\\\/11\\\/24\\\/declaracion-publica-a-todos-los-chilenos-de-sentido-comun\\\/#webpage\"},\"articleSection\":\"noticias\"},{\"@type\":\"BreadcrumbList\",\"@id\":\"https:\\\/\\\/ciudadanoaustral.org\\\/web\\\/2019\\\/11\\\/24\\\/declaracion-publica-a-todos-los-chilenos-de-sentido-comun\\\/#breadcrumblist\",\"itemListElement\":[{\"@type\":\"ListItem\",\"@id\":\"https:\\\/\\\/ciudadanoaustral.org\\\/web#listItem\",\"position\":1,\"name\":\"Inicio\",\"item\":\"https:\\\/\\\/ciudadanoaustral.org\\\/web\",\"nextItem\":{\"@type\":\"ListItem\",\"@id\":\"https:\\\/\\\/ciudadanoaustral.org\\\/web\\\/category\\\/noticias\\\/#listItem\",\"name\":\"noticias\"}},{\"@type\":\"ListItem\",\"@id\":\"https:\\\/\\\/ciudadanoaustral.org\\\/web\\\/category\\\/noticias\\\/#listItem\",\"position\":2,\"name\":\"noticias\",\"item\":\"https:\\\/\\\/ciudadanoaustral.org\\\/web\\\/category\\\/noticias\\\/\",\"nextItem\":{\"@type\":\"ListItem\",\"@id\":\"https:\\\/\\\/ciudadanoaustral.org\\\/web\\\/2019\\\/11\\\/24\\\/declaracion-publica-a-todos-los-chilenos-de-sentido-comun\\\/#listItem\",\"name\":\"DECLARACI\\u00d3N P\\u00daBLICA A TODOS LOS CHILENOS DE SENTIDO COM\\u00daN\"},\"previousItem\":{\"@type\":\"ListItem\",\"@id\":\"https:\\\/\\\/ciudadanoaustral.org\\\/web#listItem\",\"name\":\"Inicio\"}},{\"@type\":\"ListItem\",\"@id\":\"https:\\\/\\\/ciudadanoaustral.org\\\/web\\\/2019\\\/11\\\/24\\\/declaracion-publica-a-todos-los-chilenos-de-sentido-comun\\\/#listItem\",\"position\":3,\"name\":\"DECLARACI\\u00d3N P\\u00daBLICA A TODOS LOS CHILENOS DE SENTIDO COM\\u00daN\",\"previousItem\":{\"@type\":\"ListItem\",\"@id\":\"https:\\\/\\\/ciudadanoaustral.org\\\/web\\\/category\\\/noticias\\\/#listItem\",\"name\":\"noticias\"}}]},{\"@type\":\"Organization\",\"@id\":\"https:\\\/\\\/ciudadanoaustral.org\\\/web\\\/#organization\",\"name\":\"Ciudadano Austral\",\"description\":\"El Think Tank m\\u00e1s Austral del Mundo\",\"url\":\"https:\\\/\\\/ciudadanoaustral.org\\\/web\\\/\"},{\"@type\":\"Person\",\"@id\":\"https:\\\/\\\/ciudadanoaustral.org\\\/web\\\/author\\\/ciudadano-austral\\\/#author\",\"url\":\"https:\\\/\\\/ciudadanoaustral.org\\\/web\\\/author\\\/ciudadano-austral\\\/\",\"name\":\"Ciudadano Austral\",\"image\":{\"@type\":\"ImageObject\",\"@id\":\"https:\\\/\\\/ciudadanoaustral.org\\\/web\\\/2019\\\/11\\\/24\\\/declaracion-publica-a-todos-los-chilenos-de-sentido-comun\\\/#authorImage\",\"url\":\"http:\\\/\\\/ciudadanoaustral.org\\\/web\\\/wp-content\\\/uploads\\\/2017\\\/03\\\/logoCA-96x96.ico\",\"width\":96,\"height\":96,\"caption\":\"Ciudadano Austral\"}},{\"@type\":\"WebPage\",\"@id\":\"https:\\\/\\\/ciudadanoaustral.org\\\/web\\\/2019\\\/11\\\/24\\\/declaracion-publica-a-todos-los-chilenos-de-sentido-comun\\\/#webpage\",\"url\":\"https:\\\/\\\/ciudadanoaustral.org\\\/web\\\/2019\\\/11\\\/24\\\/declaracion-publica-a-todos-los-chilenos-de-sentido-comun\\\/\",\"name\":\"DECLARACI\\u00d3N P\\u00daBLICA A TODOS LOS CHILENOS DE SENTIDO COM\\u00daN | Ciudadano Austral\",\"inLanguage\":\"es-ES\",\"isPartOf\":{\"@id\":\"https:\\\/\\\/ciudadanoaustral.org\\\/web\\\/#website\"},\"breadcrumb\":{\"@id\":\"https:\\\/\\\/ciudadanoaustral.org\\\/web\\\/2019\\\/11\\\/24\\\/declaracion-publica-a-todos-los-chilenos-de-sentido-comun\\\/#breadcrumblist\"},\"author\":{\"@id\":\"https:\\\/\\\/ciudadanoaustral.org\\\/web\\\/author\\\/ciudadano-austral\\\/#author\"},\"creator\":{\"@id\":\"https:\\\/\\\/ciudadanoaustral.org\\\/web\\\/author\\\/ciudadano-austral\\\/#author\"},\"image\":{\"@type\":\"ImageObject\",\"url\":\"https:\\\/\\\/ciudadanoaustral.org\\\/web\\\/wp-content\\\/uploads\\\/2019\\\/11\\\/Declaraci\\u00f3n-P\\u00fablica-e1574623353830.jpg\",\"@id\":\"https:\\\/\\\/ciudadanoaustral.org\\\/web\\\/2019\\\/11\\\/24\\\/declaracion-publica-a-todos-los-chilenos-de-sentido-comun\\\/#mainImage\",\"width\":1240,\"height\":846},\"primaryImageOfPage\":{\"@id\":\"https:\\\/\\\/ciudadanoaustral.org\\\/web\\\/2019\\\/11\\\/24\\\/declaracion-publica-a-todos-los-chilenos-de-sentido-comun\\\/#mainImage\"},\"datePublished\":\"2019-11-24T15:19:45-04:00\",\"dateModified\":\"2019-11-24T15:23:24-04:00\"},{\"@type\":\"WebSite\",\"@id\":\"https:\\\/\\\/ciudadanoaustral.org\\\/web\\\/#website\",\"url\":\"https:\\\/\\\/ciudadanoaustral.org\\\/web\\\/\",\"name\":\"Ciudadano Austral\",\"description\":\"El Think Tank m\\u00e1s Austral del Mundo\",\"inLanguage\":\"es-ES\",\"publisher\":{\"@id\":\"https:\\\/\\\/ciudadanoaustral.org\\\/web\\\/#organization\"}}]}\n\t\t<\/script>\n\t\t<!-- All in One SEO -->\n\n","aioseo_head_json":{"title":"DECLARACI\u00d3N P\u00daBLICA A TODOS LOS CHILENOS DE SENTIDO COM\u00daN | Ciudadano Austral","description":"","canonical_url":"https:\/\/ciudadanoaustral.org\/web\/2019\/11\/24\/declaracion-publica-a-todos-los-chilenos-de-sentido-comun\/","robots":"max-image-preview:large","keywords":"","webmasterTools":{"miscellaneous":""},"schema":{"@context":"https:\/\/schema.org","@graph":[{"@type":"Article","@id":"https:\/\/ciudadanoaustral.org\/web\/2019\/11\/24\/declaracion-publica-a-todos-los-chilenos-de-sentido-comun\/#article","name":"DECLARACI\u00d3N P\u00daBLICA A TODOS LOS CHILENOS DE SENTIDO COM\u00daN | Ciudadano Austral","headline":"DECLARACI\u00d3N P\u00daBLICA A TODOS LOS CHILENOS DE SENTIDO COM\u00daN","author":{"@id":"https:\/\/ciudadanoaustral.org\/web\/author\/ciudadano-austral\/#author"},"publisher":{"@id":"https:\/\/ciudadanoaustral.org\/web\/#organization"},"image":{"@type":"ImageObject","url":"https:\/\/ciudadanoaustral.org\/web\/wp-content\/uploads\/2019\/11\/Declaraci\u00f3n-P\u00fablica-e1574623353830.jpg","width":1240,"height":846},"datePublished":"2019-11-24T15:19:45-04:00","dateModified":"2019-11-24T15:23:24-04:00","inLanguage":"es-ES","mainEntityOfPage":{"@id":"https:\/\/ciudadanoaustral.org\/web\/2019\/11\/24\/declaracion-publica-a-todos-los-chilenos-de-sentido-comun\/#webpage"},"isPartOf":{"@id":"https:\/\/ciudadanoaustral.org\/web\/2019\/11\/24\/declaracion-publica-a-todos-los-chilenos-de-sentido-comun\/#webpage"},"articleSection":"noticias"},{"@type":"BreadcrumbList","@id":"https:\/\/ciudadanoaustral.org\/web\/2019\/11\/24\/declaracion-publica-a-todos-los-chilenos-de-sentido-comun\/#breadcrumblist","itemListElement":[{"@type":"ListItem","@id":"https:\/\/ciudadanoaustral.org\/web#listItem","position":1,"name":"Inicio","item":"https:\/\/ciudadanoaustral.org\/web","nextItem":{"@type":"ListItem","@id":"https:\/\/ciudadanoaustral.org\/web\/category\/noticias\/#listItem","name":"noticias"}},{"@type":"ListItem","@id":"https:\/\/ciudadanoaustral.org\/web\/category\/noticias\/#listItem","position":2,"name":"noticias","item":"https:\/\/ciudadanoaustral.org\/web\/category\/noticias\/","nextItem":{"@type":"ListItem","@id":"https:\/\/ciudadanoaustral.org\/web\/2019\/11\/24\/declaracion-publica-a-todos-los-chilenos-de-sentido-comun\/#listItem","name":"DECLARACI\u00d3N P\u00daBLICA A TODOS LOS CHILENOS DE SENTIDO COM\u00daN"},"previousItem":{"@type":"ListItem","@id":"https:\/\/ciudadanoaustral.org\/web#listItem","name":"Inicio"}},{"@type":"ListItem","@id":"https:\/\/ciudadanoaustral.org\/web\/2019\/11\/24\/declaracion-publica-a-todos-los-chilenos-de-sentido-comun\/#listItem","position":3,"name":"DECLARACI\u00d3N P\u00daBLICA A TODOS LOS CHILENOS DE SENTIDO COM\u00daN","previousItem":{"@type":"ListItem","@id":"https:\/\/ciudadanoaustral.org\/web\/category\/noticias\/#listItem","name":"noticias"}}]},{"@type":"Organization","@id":"https:\/\/ciudadanoaustral.org\/web\/#organization","name":"Ciudadano Austral","description":"El Think Tank m\u00e1s Austral del Mundo","url":"https:\/\/ciudadanoaustral.org\/web\/"},{"@type":"Person","@id":"https:\/\/ciudadanoaustral.org\/web\/author\/ciudadano-austral\/#author","url":"https:\/\/ciudadanoaustral.org\/web\/author\/ciudadano-austral\/","name":"Ciudadano Austral","image":{"@type":"ImageObject","@id":"https:\/\/ciudadanoaustral.org\/web\/2019\/11\/24\/declaracion-publica-a-todos-los-chilenos-de-sentido-comun\/#authorImage","url":"http:\/\/ciudadanoaustral.org\/web\/wp-content\/uploads\/2017\/03\/logoCA-96x96.ico","width":96,"height":96,"caption":"Ciudadano Austral"}},{"@type":"WebPage","@id":"https:\/\/ciudadanoaustral.org\/web\/2019\/11\/24\/declaracion-publica-a-todos-los-chilenos-de-sentido-comun\/#webpage","url":"https:\/\/ciudadanoaustral.org\/web\/2019\/11\/24\/declaracion-publica-a-todos-los-chilenos-de-sentido-comun\/","name":"DECLARACI\u00d3N P\u00daBLICA A TODOS LOS CHILENOS DE SENTIDO COM\u00daN | Ciudadano Austral","inLanguage":"es-ES","isPartOf":{"@id":"https:\/\/ciudadanoaustral.org\/web\/#website"},"breadcrumb":{"@id":"https:\/\/ciudadanoaustral.org\/web\/2019\/11\/24\/declaracion-publica-a-todos-los-chilenos-de-sentido-comun\/#breadcrumblist"},"author":{"@id":"https:\/\/ciudadanoaustral.org\/web\/author\/ciudadano-austral\/#author"},"creator":{"@id":"https:\/\/ciudadanoaustral.org\/web\/author\/ciudadano-austral\/#author"},"image":{"@type":"ImageObject","url":"https:\/\/ciudadanoaustral.org\/web\/wp-content\/uploads\/2019\/11\/Declaraci\u00f3n-P\u00fablica-e1574623353830.jpg","@id":"https:\/\/ciudadanoaustral.org\/web\/2019\/11\/24\/declaracion-publica-a-todos-los-chilenos-de-sentido-comun\/#mainImage","width":1240,"height":846},"primaryImageOfPage":{"@id":"https:\/\/ciudadanoaustral.org\/web\/2019\/11\/24\/declaracion-publica-a-todos-los-chilenos-de-sentido-comun\/#mainImage"},"datePublished":"2019-11-24T15:19:45-04:00","dateModified":"2019-11-24T15:23:24-04:00"},{"@type":"WebSite","@id":"https:\/\/ciudadanoaustral.org\/web\/#website","url":"https:\/\/ciudadanoaustral.org\/web\/","name":"Ciudadano Austral","description":"El Think Tank m\u00e1s Austral del Mundo","inLanguage":"es-ES","publisher":{"@id":"https:\/\/ciudadanoaustral.org\/web\/#organization"}}]},"og:locale":"es_ES","og:site_name":"Ciudadano Austral | El Think Tank m\u00e1s Austral del Mundo","og:type":"article","og:title":"DECLARACI\u00d3N P\u00daBLICA A TODOS LOS CHILENOS DE SENTIDO COM\u00daN | Ciudadano Austral","og:url":"https:\/\/ciudadanoaustral.org\/web\/2019\/11\/24\/declaracion-publica-a-todos-los-chilenos-de-sentido-comun\/","article:published_time":"2019-11-24T19:19:45+00:00","article:modified_time":"2019-11-24T19:23:24+00:00","twitter:card":"summary","twitter:title":"DECLARACI\u00d3N P\u00daBLICA A TODOS LOS CHILENOS DE SENTIDO COM\u00daN | Ciudadano Austral"},"aioseo_meta_data":{"post_id":"4494","title":null,"description":null,"keywords":null,"keyphrases":null,"primary_term":null,"canonical_url":null,"og_title":null,"og_description":null,"og_object_type":"default","og_image_type":"default","og_image_url":null,"og_image_width":null,"og_image_height":null,"og_image_custom_url":null,"og_image_custom_fields":null,"og_video":null,"og_custom_url":null,"og_article_section":null,"og_article_tags":null,"twitter_use_og":false,"twitter_card":"default","twitter_image_type":"default","twitter_image_url":null,"twitter_image_custom_url":null,"twitter_image_custom_fields":null,"twitter_title":null,"twitter_description":null,"schema":{"blockGraphs":[],"customGraphs":[],"default":{"data":{"Article":[],"Course":[],"Dataset":[],"FAQPage":[],"Movie":[],"Person":[],"Product":[],"ProductReview":[],"Car":[],"Recipe":[],"Service":[],"SoftwareApplication":[],"WebPage":[]},"graphName":"","isEnabled":true},"graphs":[]},"schema_type":null,"schema_type_options":null,"pillar_content":false,"robots_default":true,"robots_noindex":false,"robots_noarchive":false,"robots_nosnippet":false,"robots_nofollow":false,"robots_noimageindex":false,"robots_noodp":false,"robots_notranslate":false,"robots_max_snippet":null,"robots_max_videopreview":null,"robots_max_imagepreview":"large","priority":null,"frequency":null,"location":null,"local_seo":null,"breadcrumb_settings":null,"limit_modified_date":false,"ai":null,"created":"2021-01-15 20:05:08","updated":"2025-06-04 02:19:18","seo_analyzer_scan_date":null,"focus_keyword":null,"additional_keywords":null,"truseo_locale":null},"aioseo_breadcrumb":"<div class=\"aioseo-breadcrumbs\"><span class=\"aioseo-breadcrumb\">\n\t\t\t<a href=\"https:\/\/ciudadanoaustral.org\/web\" title=\"Inicio\">Inicio<\/a>\n\t\t<\/span><span class=\"aioseo-breadcrumb-separator\">&raquo;<\/span><span class=\"aioseo-breadcrumb\">\n\t\t\t<a href=\"https:\/\/ciudadanoaustral.org\/web\/category\/noticias\/\" title=\"noticias\">noticias<\/a>\n\t\t<\/span><span class=\"aioseo-breadcrumb-separator\">&raquo;<\/span><span class=\"aioseo-breadcrumb\">\n\t\t\tDECLARACI\u00d3N P\u00daBLICA A TODOS LOS CHILENOS DE SENTIDO COM\u00daN\n\t\t<\/span><\/div>","aioseo_breadcrumb_json":[{"label":"Inicio","link":"https:\/\/ciudadanoaustral.org\/web"},{"label":"noticias","link":"https:\/\/ciudadanoaustral.org\/web\/category\/noticias\/"},{"label":"DECLARACI\u00d3N P\u00daBLICA A TODOS LOS CHILENOS DE SENTIDO COM\u00daN","link":"https:\/\/ciudadanoaustral.org\/web\/2019\/11\/24\/declaracion-publica-a-todos-los-chilenos-de-sentido-comun\/"}],"_links":{"self":[{"href":"https:\/\/ciudadanoaustral.org\/web\/wp-json\/wp\/v2\/posts\/4494","targetHints":{"allow":["GET"]}}],"collection":[{"href":"https:\/\/ciudadanoaustral.org\/web\/wp-json\/wp\/v2\/posts"}],"about":[{"href":"https:\/\/ciudadanoaustral.org\/web\/wp-json\/wp\/v2\/types\/post"}],"author":[{"embeddable":true,"href":"https:\/\/ciudadanoaustral.org\/web\/wp-json\/wp\/v2\/users\/3"}],"replies":[{"embeddable":true,"href":"https:\/\/ciudadanoaustral.org\/web\/wp-json\/wp\/v2\/comments?post=4494"}],"version-history":[{"count":2,"href":"https:\/\/ciudadanoaustral.org\/web\/wp-json\/wp\/v2\/posts\/4494\/revisions"}],"predecessor-version":[{"id":4498,"href":"https:\/\/ciudadanoaustral.org\/web\/wp-json\/wp\/v2\/posts\/4494\/revisions\/4498"}],"wp:featuredmedia":[{"embeddable":true,"href":"https:\/\/ciudadanoaustral.org\/web\/wp-json\/wp\/v2\/media\/4495"}],"wp:attachment":[{"href":"https:\/\/ciudadanoaustral.org\/web\/wp-json\/wp\/v2\/media?parent=4494"}],"wp:term":[{"taxonomy":"category","embeddable":true,"href":"https:\/\/ciudadanoaustral.org\/web\/wp-json\/wp\/v2\/categories?post=4494"},{"taxonomy":"post_tag","embeddable":true,"href":"https:\/\/ciudadanoaustral.org\/web\/wp-json\/wp\/v2\/tags?post=4494"}],"curies":[{"name":"wp","href":"https:\/\/api.w.org\/{rel}","templated":true}]}}