{"id":4211,"date":"2019-01-21T12:14:04","date_gmt":"2019-01-21T16:14:04","guid":{"rendered":"http:\/\/ciudadanoaustral.org\/web\/?p=4211"},"modified":"2019-01-21T12:15:03","modified_gmt":"2019-01-21T16:15:03","slug":"seminario-recuerda-la-matanza-del-20-enero-en-azerbaiyan","status":"publish","type":"post","link":"https:\/\/ciudadanoaustral.org\/web\/2019\/01\/21\/seminario-recuerda-la-matanza-del-20-enero-en-azerbaiyan\/","title":{"rendered":"Seminario recuerda la matanza del 20 enero en Azerbaiy\u00e1n"},"content":{"rendered":"<p>Con un seminario organizado por la Misi\u00f3n Diplom\u00e1tica de Azerbaiy\u00e1n en Chile y la Fundaci\u00f3n Ciudadano Austral se conmemor\u00f3 un nuevo aniversario de la matanza del 20 de enero en Bak\u00fa, Azerbaiy\u00e1n.<\/p>\n<p>En el ocaso de la Uni\u00f3n Sovi\u00e9tica, cuando Occidente miraba ilusionado las supuestas reformas que llevar\u00edan la libertad m\u00e1s all\u00e1 del ya derrumbado Muro de Berl\u00edn, el pueblo de Azerbaiy\u00e1n se levant\u00f3 pidiendo su independencia de la URSS.\u00a0 El 20 de enero de 1990, 26.000 tropas sovi\u00e9ticas marcharon sobre Bak\u00fa a fin de reprimir el movimiento de independencia en Azerbaiy\u00e1n. Azerbaiy\u00e1n fue el primer pa\u00eds entre las rep\u00fablicas ex sovi\u00e9ticas en iniciar el movimiento serio hacia la independencia.<\/p>\n<p>Ese d\u00eda el acto de masacre ejecutado por las tropas sovi\u00e9ticas contra la poblaci\u00f3n civil con una crueldad sin precedentes dej\u00f3 168 muertos y 744 heridos. Entre los asesinados, adem\u00e1s de azerbaiyanos, hab\u00eda civiles de origen ruso, ucraniano, jud\u00edo, lesgu\u00edn, t\u00e1rtaro.<!--more--><\/p>\n<p>Pese a sus consecuencias tr\u00e1gicas, el d\u00eda de 20 de Enero se marc\u00f3 en la historia de Azerbaiy\u00e1n como uno de momentos m\u00e1s gloriosos. Tropas sovi\u00e9ticas finalmente se retiraron de Bak\u00fa y Azerbaiy\u00e1n declar\u00f3 su independencia el 18 de octubre del a\u00f1o 1991. Azerbaiy\u00e1n mantuvo su independencia desde aquel entonces, a pesar de la ocupaci\u00f3n militar de 20% de su territorio por Armenia<\/p>\n<p>En ese contexto, y a m\u00e1s de catorce mil kil\u00f3metros y a 29 a\u00f1os de los hechos, se present\u00f3 este seminario que cont\u00f3 con la presencia del Embajador de Azerbaiy\u00e1n concurrente en Chile, Sr Rashad Aslanov y de la Historiadora Magdalena Merbilh\u00e1a, quienes explicaron a los asistentes las causas, implicancias y las consecuencias de este hecho que pas\u00f3 casi desapercibido en el resto del mundo y particularmente en Chile.<\/p>\n<p>Para los chilenos de la Fundaci\u00f3n Ciudadano Austral, organizar y presentar eventos c\u00f3mo estos, se trata de un compromiso que tienen como instituci\u00f3n de difundir los horrores del comunismo que son desconocidos para la gran mayor\u00eda de las personas, y que es preciso recordarlos para evitar volver a repetirlos en el futuro, afirm\u00f3 Andr\u00e9s Barrientos, l\u00edder de la organizaci\u00f3n.<\/p>\n<p>Por su parte desde la Misi\u00f3n Diplom\u00e1tica de Azerbaiy\u00e1n se\u00f1alaron que ya han pasado\u00a029 a\u00f1os de Enero Negro.\u00a0\u201cCada a\u00f1o el pueblo de Azerbaiy\u00e1n y su comunidad en extranjero conmemoran a sus compatriotas masacradas en uno de los actos m\u00e1s brutales contra la poblaci\u00f3n civil en la historia, evento conocido en el mundo como Enero Negro\u201d afirm\u00f3 el Encargado de Negocios de la Misi\u00f3n Diplom\u00e1tica en Chile, Yasin Jafarov.<\/p>\n<p>En este sentido Jafarov se\u00f1al\u00f3 que \u201cel 20 de enero el pueblo azerbaiyano vuelve a tributar honores a v\u00edctimas de Enero Negro, quienes pagaron el precio m\u00e1s alto por la independencia de su pa\u00eds y grabaron sus nombres con su sangre en la p\u00e1gina de honor de Azerbaiy\u00e1n y organizar un seminario dedicado a Enero Negro es importante en sentido de tener claridad acerca de la historia de independencia de la Rep\u00fablica de Azerbaiy\u00e1n\u201d.<\/p>\n<p>Finalmente desde la Misi\u00f3n Diplom\u00e1tica se agradeci\u00f3 a la Fundaci\u00f3n Ciudadano Austral por la organizaci\u00f3n, a la historiadora Magdalena Merbilh\u00e1a por la completa exposici\u00f3n sobre el tema y a todos los asistentes por su solidaridad con el pueblo azerbaiyano.<\/p>\n","protected":false},"excerpt":{"rendered":"<p>Con un seminario organizado por la Misi\u00f3n Diplom\u00e1tica de Azerbaiy\u00e1n en Chile y la Fundaci\u00f3n Ciudadano Austral se conmemor\u00f3 un nuevo aniversario de la matanza del 20 de enero en Bak\u00fa, Azerbaiy\u00e1n. En el ocaso de la Uni\u00f3n Sovi\u00e9tica, cuando Occidente miraba ilusionado las supuestas reformas que llevar\u00edan la libertad m\u00e1s all\u00e1 del ya derrumbado&#8230; <\/p>\n<div class=\"clear\"><\/div>\n<p><a href=\"https:\/\/ciudadanoaustral.org\/web\/2019\/01\/21\/seminario-recuerda-la-matanza-del-20-enero-en-azerbaiyan\/\" class=\"excerpt-read-more\">Read More<\/a><\/p>\n","protected":false},"author":3,"featured_media":4212,"comment_status":"closed","ping_status":"open","sticky":false,"template":"","format":"standard","meta":{"footnotes":""},"categories":[4],"tags":[],"class_list":["post-4211","post","type-post","status-publish","format-standard","has-post-thumbnail","hentry","category-noticias"],"aioseo_notices":[],"aioseo_head":"\n\t\t<!-- All in One SEO 5.0.1.1 - aioseo.com -->\n\t<meta name=\"robots\" content=\"max-image-preview:large\" \/>\n\t<meta name=\"author\" content=\"Ciudadano Austral\"\/>\n\t<link rel=\"canonical\" href=\"https:\/\/ciudadanoaustral.org\/web\/2019\/01\/21\/seminario-recuerda-la-matanza-del-20-enero-en-azerbaiyan\/\" \/>\n\t<meta name=\"generator\" content=\"All in One SEO (AIOSEO) 5.0.1.1\" \/>\n\t\t<meta property=\"og:locale\" content=\"es_ES\" \/>\n\t\t<meta property=\"og:site_name\" content=\"Ciudadano Austral | El Think Tank m\u00e1s Austral del Mundo\" \/>\n\t\t<meta property=\"og:type\" content=\"article\" \/>\n\t\t<meta property=\"og:title\" content=\"Seminario recuerda la matanza del 20 enero en Azerbaiy\u00e1n | Ciudadano Austral\" \/>\n\t\t<meta property=\"og:url\" content=\"https:\/\/ciudadanoaustral.org\/web\/2019\/01\/21\/seminario-recuerda-la-matanza-del-20-enero-en-azerbaiyan\/\" \/>\n\t\t<meta property=\"article:published_time\" content=\"2019-01-21T16:14:04+00:00\" \/>\n\t\t<meta property=\"article:modified_time\" content=\"2019-01-21T16:15:03+00:00\" \/>\n\t\t<meta name=\"twitter:card\" content=\"summary\" \/>\n\t\t<meta name=\"twitter:title\" content=\"Seminario recuerda la matanza del 20 enero en Azerbaiy\u00e1n | Ciudadano Austral\" \/>\n\t\t<script type=\"application\/ld+json\" class=\"aioseo-schema\">\n\t\t\t{\"@context\":\"https:\\\/\\\/schema.org\",\"@graph\":[{\"@type\":\"Article\",\"@id\":\"https:\\\/\\\/ciudadanoaustral.org\\\/web\\\/2019\\\/01\\\/21\\\/seminario-recuerda-la-matanza-del-20-enero-en-azerbaiyan\\\/#article\",\"name\":\"Seminario recuerda la matanza del 20 enero en Azerbaiy\\u00e1n | Ciudadano Austral\",\"headline\":\"Seminario recuerda la matanza del 20 enero en Azerbaiy\\u00e1n\",\"author\":{\"@id\":\"https:\\\/\\\/ciudadanoaustral.org\\\/web\\\/author\\\/ciudadano-austral\\\/#author\"},\"publisher\":{\"@id\":\"https:\\\/\\\/ciudadanoaustral.org\\\/web\\\/#organization\"},\"image\":{\"@type\":\"ImageObject\",\"url\":\"https:\\\/\\\/ciudadanoaustral.org\\\/web\\\/wp-content\\\/uploads\\\/2019\\\/01\\\/Seminario-Enero-Negro-2.jpg\",\"width\":1000,\"height\":667},\"datePublished\":\"2019-01-21T12:14:04-04:00\",\"dateModified\":\"2019-01-21T12:15:03-04:00\",\"inLanguage\":\"es-ES\",\"mainEntityOfPage\":{\"@id\":\"https:\\\/\\\/ciudadanoaustral.org\\\/web\\\/2019\\\/01\\\/21\\\/seminario-recuerda-la-matanza-del-20-enero-en-azerbaiyan\\\/#webpage\"},\"isPartOf\":{\"@id\":\"https:\\\/\\\/ciudadanoaustral.org\\\/web\\\/2019\\\/01\\\/21\\\/seminario-recuerda-la-matanza-del-20-enero-en-azerbaiyan\\\/#webpage\"},\"articleSection\":\"noticias\"},{\"@type\":\"BreadcrumbList\",\"@id\":\"https:\\\/\\\/ciudadanoaustral.org\\\/web\\\/2019\\\/01\\\/21\\\/seminario-recuerda-la-matanza-del-20-enero-en-azerbaiyan\\\/#breadcrumblist\",\"itemListElement\":[{\"@type\":\"ListItem\",\"@id\":\"https:\\\/\\\/ciudadanoaustral.org\\\/web#listItem\",\"position\":1,\"name\":\"Inicio\",\"item\":\"https:\\\/\\\/ciudadanoaustral.org\\\/web\",\"nextItem\":{\"@type\":\"ListItem\",\"@id\":\"https:\\\/\\\/ciudadanoaustral.org\\\/web\\\/category\\\/noticias\\\/#listItem\",\"name\":\"noticias\"}},{\"@type\":\"ListItem\",\"@id\":\"https:\\\/\\\/ciudadanoaustral.org\\\/web\\\/category\\\/noticias\\\/#listItem\",\"position\":2,\"name\":\"noticias\",\"item\":\"https:\\\/\\\/ciudadanoaustral.org\\\/web\\\/category\\\/noticias\\\/\",\"nextItem\":{\"@type\":\"ListItem\",\"@id\":\"https:\\\/\\\/ciudadanoaustral.org\\\/web\\\/2019\\\/01\\\/21\\\/seminario-recuerda-la-matanza-del-20-enero-en-azerbaiyan\\\/#listItem\",\"name\":\"Seminario recuerda la matanza del 20 enero en Azerbaiy\\u00e1n\"},\"previousItem\":{\"@type\":\"ListItem\",\"@id\":\"https:\\\/\\\/ciudadanoaustral.org\\\/web#listItem\",\"name\":\"Inicio\"}},{\"@type\":\"ListItem\",\"@id\":\"https:\\\/\\\/ciudadanoaustral.org\\\/web\\\/2019\\\/01\\\/21\\\/seminario-recuerda-la-matanza-del-20-enero-en-azerbaiyan\\\/#listItem\",\"position\":3,\"name\":\"Seminario recuerda la matanza del 20 enero en Azerbaiy\\u00e1n\",\"previousItem\":{\"@type\":\"ListItem\",\"@id\":\"https:\\\/\\\/ciudadanoaustral.org\\\/web\\\/category\\\/noticias\\\/#listItem\",\"name\":\"noticias\"}}]},{\"@type\":\"Organization\",\"@id\":\"https:\\\/\\\/ciudadanoaustral.org\\\/web\\\/#organization\",\"name\":\"Ciudadano Austral\",\"description\":\"El Think Tank m\\u00e1s Austral del Mundo\",\"url\":\"https:\\\/\\\/ciudadanoaustral.org\\\/web\\\/\"},{\"@type\":\"Person\",\"@id\":\"https:\\\/\\\/ciudadanoaustral.org\\\/web\\\/author\\\/ciudadano-austral\\\/#author\",\"url\":\"https:\\\/\\\/ciudadanoaustral.org\\\/web\\\/author\\\/ciudadano-austral\\\/\",\"name\":\"Ciudadano Austral\",\"image\":{\"@type\":\"ImageObject\",\"@id\":\"https:\\\/\\\/ciudadanoaustral.org\\\/web\\\/2019\\\/01\\\/21\\\/seminario-recuerda-la-matanza-del-20-enero-en-azerbaiyan\\\/#authorImage\",\"url\":\"http:\\\/\\\/ciudadanoaustral.org\\\/web\\\/wp-content\\\/uploads\\\/2017\\\/03\\\/logoCA-96x96.ico\",\"width\":96,\"height\":96,\"caption\":\"Ciudadano Austral\"}},{\"@type\":\"WebPage\",\"@id\":\"https:\\\/\\\/ciudadanoaustral.org\\\/web\\\/2019\\\/01\\\/21\\\/seminario-recuerda-la-matanza-del-20-enero-en-azerbaiyan\\\/#webpage\",\"url\":\"https:\\\/\\\/ciudadanoaustral.org\\\/web\\\/2019\\\/01\\\/21\\\/seminario-recuerda-la-matanza-del-20-enero-en-azerbaiyan\\\/\",\"name\":\"Seminario recuerda la matanza del 20 enero en Azerbaiy\\u00e1n | Ciudadano Austral\",\"inLanguage\":\"es-ES\",\"isPartOf\":{\"@id\":\"https:\\\/\\\/ciudadanoaustral.org\\\/web\\\/#website\"},\"breadcrumb\":{\"@id\":\"https:\\\/\\\/ciudadanoaustral.org\\\/web\\\/2019\\\/01\\\/21\\\/seminario-recuerda-la-matanza-del-20-enero-en-azerbaiyan\\\/#breadcrumblist\"},\"author\":{\"@id\":\"https:\\\/\\\/ciudadanoaustral.org\\\/web\\\/author\\\/ciudadano-austral\\\/#author\"},\"creator\":{\"@id\":\"https:\\\/\\\/ciudadanoaustral.org\\\/web\\\/author\\\/ciudadano-austral\\\/#author\"},\"image\":{\"@type\":\"ImageObject\",\"url\":\"https:\\\/\\\/ciudadanoaustral.org\\\/web\\\/wp-content\\\/uploads\\\/2019\\\/01\\\/Seminario-Enero-Negro-2.jpg\",\"@id\":\"https:\\\/\\\/ciudadanoaustral.org\\\/web\\\/2019\\\/01\\\/21\\\/seminario-recuerda-la-matanza-del-20-enero-en-azerbaiyan\\\/#mainImage\",\"width\":1000,\"height\":667},\"primaryImageOfPage\":{\"@id\":\"https:\\\/\\\/ciudadanoaustral.org\\\/web\\\/2019\\\/01\\\/21\\\/seminario-recuerda-la-matanza-del-20-enero-en-azerbaiyan\\\/#mainImage\"},\"datePublished\":\"2019-01-21T12:14:04-04:00\",\"dateModified\":\"2019-01-21T12:15:03-04:00\"},{\"@type\":\"WebSite\",\"@id\":\"https:\\\/\\\/ciudadanoaustral.org\\\/web\\\/#website\",\"url\":\"https:\\\/\\\/ciudadanoaustral.org\\\/web\\\/\",\"name\":\"Ciudadano Austral\",\"description\":\"El Think Tank m\\u00e1s Austral del Mundo\",\"inLanguage\":\"es-ES\",\"publisher\":{\"@id\":\"https:\\\/\\\/ciudadanoaustral.org\\\/web\\\/#organization\"}}]}\n\t\t<\/script>\n\t\t<!-- All in One SEO -->\n\n","aioseo_head_json":{"title":"Seminario recuerda la matanza del 20 enero en Azerbaiy\u00e1n | Ciudadano Austral","description":"","canonical_url":"https:\/\/ciudadanoaustral.org\/web\/2019\/01\/21\/seminario-recuerda-la-matanza-del-20-enero-en-azerbaiyan\/","robots":"max-image-preview:large","keywords":"","webmasterTools":{"miscellaneous":""},"schema":{"@context":"https:\/\/schema.org","@graph":[{"@type":"Article","@id":"https:\/\/ciudadanoaustral.org\/web\/2019\/01\/21\/seminario-recuerda-la-matanza-del-20-enero-en-azerbaiyan\/#article","name":"Seminario recuerda la matanza del 20 enero en Azerbaiy\u00e1n | Ciudadano Austral","headline":"Seminario recuerda la matanza del 20 enero en Azerbaiy\u00e1n","author":{"@id":"https:\/\/ciudadanoaustral.org\/web\/author\/ciudadano-austral\/#author"},"publisher":{"@id":"https:\/\/ciudadanoaustral.org\/web\/#organization"},"image":{"@type":"ImageObject","url":"https:\/\/ciudadanoaustral.org\/web\/wp-content\/uploads\/2019\/01\/Seminario-Enero-Negro-2.jpg","width":1000,"height":667},"datePublished":"2019-01-21T12:14:04-04:00","dateModified":"2019-01-21T12:15:03-04:00","inLanguage":"es-ES","mainEntityOfPage":{"@id":"https:\/\/ciudadanoaustral.org\/web\/2019\/01\/21\/seminario-recuerda-la-matanza-del-20-enero-en-azerbaiyan\/#webpage"},"isPartOf":{"@id":"https:\/\/ciudadanoaustral.org\/web\/2019\/01\/21\/seminario-recuerda-la-matanza-del-20-enero-en-azerbaiyan\/#webpage"},"articleSection":"noticias"},{"@type":"BreadcrumbList","@id":"https:\/\/ciudadanoaustral.org\/web\/2019\/01\/21\/seminario-recuerda-la-matanza-del-20-enero-en-azerbaiyan\/#breadcrumblist","itemListElement":[{"@type":"ListItem","@id":"https:\/\/ciudadanoaustral.org\/web#listItem","position":1,"name":"Inicio","item":"https:\/\/ciudadanoaustral.org\/web","nextItem":{"@type":"ListItem","@id":"https:\/\/ciudadanoaustral.org\/web\/category\/noticias\/#listItem","name":"noticias"}},{"@type":"ListItem","@id":"https:\/\/ciudadanoaustral.org\/web\/category\/noticias\/#listItem","position":2,"name":"noticias","item":"https:\/\/ciudadanoaustral.org\/web\/category\/noticias\/","nextItem":{"@type":"ListItem","@id":"https:\/\/ciudadanoaustral.org\/web\/2019\/01\/21\/seminario-recuerda-la-matanza-del-20-enero-en-azerbaiyan\/#listItem","name":"Seminario recuerda la matanza del 20 enero en Azerbaiy\u00e1n"},"previousItem":{"@type":"ListItem","@id":"https:\/\/ciudadanoaustral.org\/web#listItem","name":"Inicio"}},{"@type":"ListItem","@id":"https:\/\/ciudadanoaustral.org\/web\/2019\/01\/21\/seminario-recuerda-la-matanza-del-20-enero-en-azerbaiyan\/#listItem","position":3,"name":"Seminario recuerda la matanza del 20 enero en Azerbaiy\u00e1n","previousItem":{"@type":"ListItem","@id":"https:\/\/ciudadanoaustral.org\/web\/category\/noticias\/#listItem","name":"noticias"}}]},{"@type":"Organization","@id":"https:\/\/ciudadanoaustral.org\/web\/#organization","name":"Ciudadano Austral","description":"El Think Tank m\u00e1s Austral del Mundo","url":"https:\/\/ciudadanoaustral.org\/web\/"},{"@type":"Person","@id":"https:\/\/ciudadanoaustral.org\/web\/author\/ciudadano-austral\/#author","url":"https:\/\/ciudadanoaustral.org\/web\/author\/ciudadano-austral\/","name":"Ciudadano Austral","image":{"@type":"ImageObject","@id":"https:\/\/ciudadanoaustral.org\/web\/2019\/01\/21\/seminario-recuerda-la-matanza-del-20-enero-en-azerbaiyan\/#authorImage","url":"http:\/\/ciudadanoaustral.org\/web\/wp-content\/uploads\/2017\/03\/logoCA-96x96.ico","width":96,"height":96,"caption":"Ciudadano Austral"}},{"@type":"WebPage","@id":"https:\/\/ciudadanoaustral.org\/web\/2019\/01\/21\/seminario-recuerda-la-matanza-del-20-enero-en-azerbaiyan\/#webpage","url":"https:\/\/ciudadanoaustral.org\/web\/2019\/01\/21\/seminario-recuerda-la-matanza-del-20-enero-en-azerbaiyan\/","name":"Seminario recuerda la matanza del 20 enero en Azerbaiy\u00e1n | Ciudadano Austral","inLanguage":"es-ES","isPartOf":{"@id":"https:\/\/ciudadanoaustral.org\/web\/#website"},"breadcrumb":{"@id":"https:\/\/ciudadanoaustral.org\/web\/2019\/01\/21\/seminario-recuerda-la-matanza-del-20-enero-en-azerbaiyan\/#breadcrumblist"},"author":{"@id":"https:\/\/ciudadanoaustral.org\/web\/author\/ciudadano-austral\/#author"},"creator":{"@id":"https:\/\/ciudadanoaustral.org\/web\/author\/ciudadano-austral\/#author"},"image":{"@type":"ImageObject","url":"https:\/\/ciudadanoaustral.org\/web\/wp-content\/uploads\/2019\/01\/Seminario-Enero-Negro-2.jpg","@id":"https:\/\/ciudadanoaustral.org\/web\/2019\/01\/21\/seminario-recuerda-la-matanza-del-20-enero-en-azerbaiyan\/#mainImage","width":1000,"height":667},"primaryImageOfPage":{"@id":"https:\/\/ciudadanoaustral.org\/web\/2019\/01\/21\/seminario-recuerda-la-matanza-del-20-enero-en-azerbaiyan\/#mainImage"},"datePublished":"2019-01-21T12:14:04-04:00","dateModified":"2019-01-21T12:15:03-04:00"},{"@type":"WebSite","@id":"https:\/\/ciudadanoaustral.org\/web\/#website","url":"https:\/\/ciudadanoaustral.org\/web\/","name":"Ciudadano Austral","description":"El Think Tank m\u00e1s Austral del Mundo","inLanguage":"es-ES","publisher":{"@id":"https:\/\/ciudadanoaustral.org\/web\/#organization"}}]},"og:locale":"es_ES","og:site_name":"Ciudadano Austral | El Think Tank m\u00e1s Austral del Mundo","og:type":"article","og:title":"Seminario recuerda la matanza del 20 enero en Azerbaiy\u00e1n | Ciudadano Austral","og:url":"https:\/\/ciudadanoaustral.org\/web\/2019\/01\/21\/seminario-recuerda-la-matanza-del-20-enero-en-azerbaiyan\/","article:published_time":"2019-01-21T16:14:04+00:00","article:modified_time":"2019-01-21T16:15:03+00:00","twitter:card":"summary","twitter:title":"Seminario recuerda la matanza del 20 enero en Azerbaiy\u00e1n | Ciudadano Austral"},"aioseo_meta_data":{"post_id":"4211","title":null,"description":null,"keywords":null,"keyphrases":null,"primary_term":null,"canonical_url":null,"og_title":null,"og_description":null,"og_object_type":"default","og_image_type":"default","og_image_url":null,"og_image_width":null,"og_image_height":null,"og_image_custom_url":null,"og_image_custom_fields":null,"og_video":null,"og_custom_url":null,"og_article_section":null,"og_article_tags":null,"twitter_use_og":false,"twitter_card":"default","twitter_image_type":"default","twitter_image_url":null,"twitter_image_custom_url":null,"twitter_image_custom_fields":null,"twitter_title":null,"twitter_description":null,"schema":{"blockGraphs":[],"customGraphs":[],"default":{"data":{"Article":[],"Course":[],"Dataset":[],"FAQPage":[],"Movie":[],"Person":[],"Product":[],"ProductReview":[],"Car":[],"Recipe":[],"Service":[],"SoftwareApplication":[],"WebPage":[]},"graphName":"","isEnabled":true},"graphs":[]},"schema_type":null,"schema_type_options":null,"pillar_content":false,"robots_default":true,"robots_noindex":false,"robots_noarchive":false,"robots_nosnippet":false,"robots_nofollow":false,"robots_noimageindex":false,"robots_noodp":false,"robots_notranslate":false,"robots_max_snippet":null,"robots_max_videopreview":null,"robots_max_imagepreview":"large","priority":null,"frequency":null,"location":null,"local_seo":null,"breadcrumb_settings":null,"limit_modified_date":false,"ai":null,"created":"2021-01-15 20:05:08","updated":"2025-06-04 02:15:16","seo_analyzer_scan_date":null,"focus_keyword":null,"additional_keywords":null,"truseo_locale":null},"aioseo_breadcrumb":"<div class=\"aioseo-breadcrumbs\"><span class=\"aioseo-breadcrumb\">\n\t\t\t<a href=\"https:\/\/ciudadanoaustral.org\/web\" title=\"Inicio\">Inicio<\/a>\n\t\t<\/span><span class=\"aioseo-breadcrumb-separator\">&raquo;<\/span><span class=\"aioseo-breadcrumb\">\n\t\t\t<a href=\"https:\/\/ciudadanoaustral.org\/web\/category\/noticias\/\" title=\"noticias\">noticias<\/a>\n\t\t<\/span><span class=\"aioseo-breadcrumb-separator\">&raquo;<\/span><span class=\"aioseo-breadcrumb\">\n\t\t\tSeminario recuerda la matanza del 20 enero en Azerbaiy\u00e1n\n\t\t<\/span><\/div>","aioseo_breadcrumb_json":[{"label":"Inicio","link":"https:\/\/ciudadanoaustral.org\/web"},{"label":"noticias","link":"https:\/\/ciudadanoaustral.org\/web\/category\/noticias\/"},{"label":"Seminario recuerda la matanza del 20 enero en Azerbaiy\u00e1n","link":"https:\/\/ciudadanoaustral.org\/web\/2019\/01\/21\/seminario-recuerda-la-matanza-del-20-enero-en-azerbaiyan\/"}],"_links":{"self":[{"href":"https:\/\/ciudadanoaustral.org\/web\/wp-json\/wp\/v2\/posts\/4211","targetHints":{"allow":["GET"]}}],"collection":[{"href":"https:\/\/ciudadanoaustral.org\/web\/wp-json\/wp\/v2\/posts"}],"about":[{"href":"https:\/\/ciudadanoaustral.org\/web\/wp-json\/wp\/v2\/types\/post"}],"author":[{"embeddable":true,"href":"https:\/\/ciudadanoaustral.org\/web\/wp-json\/wp\/v2\/users\/3"}],"replies":[{"embeddable":true,"href":"https:\/\/ciudadanoaustral.org\/web\/wp-json\/wp\/v2\/comments?post=4211"}],"version-history":[{"count":1,"href":"https:\/\/ciudadanoaustral.org\/web\/wp-json\/wp\/v2\/posts\/4211\/revisions"}],"predecessor-version":[{"id":4213,"href":"https:\/\/ciudadanoaustral.org\/web\/wp-json\/wp\/v2\/posts\/4211\/revisions\/4213"}],"wp:featuredmedia":[{"embeddable":true,"href":"https:\/\/ciudadanoaustral.org\/web\/wp-json\/wp\/v2\/media\/4212"}],"wp:attachment":[{"href":"https:\/\/ciudadanoaustral.org\/web\/wp-json\/wp\/v2\/media?parent=4211"}],"wp:term":[{"taxonomy":"category","embeddable":true,"href":"https:\/\/ciudadanoaustral.org\/web\/wp-json\/wp\/v2\/categories?post=4211"},{"taxonomy":"post_tag","embeddable":true,"href":"https:\/\/ciudadanoaustral.org\/web\/wp-json\/wp\/v2\/tags?post=4211"}],"curies":[{"name":"wp","href":"https:\/\/api.w.org\/{rel}","templated":true}]}}