{"id":4196,"date":"2018-12-17T09:09:55","date_gmt":"2018-12-17T13:09:55","guid":{"rendered":"http:\/\/ciudadanoaustral.org\/web\/?p=4196"},"modified":"2019-01-21T12:12:29","modified_gmt":"2019-01-21T16:12:29","slug":"segunda-cumbre-austral-12-de-enero-en-puerto-varas","status":"publish","type":"post","link":"https:\/\/ciudadanoaustral.org\/web\/2018\/12\/17\/segunda-cumbre-austral-12-de-enero-en-puerto-varas\/","title":{"rendered":"Segunda Cumbre Austral, 12 de enero en Puerto Varas"},"content":{"rendered":"<p>Por segundo a\u00f1o consecutivo nuestra fundaci\u00f3n organiza la Cumbre Austral, el evento de l\u00edderes m\u00e1s importante del sur de Chile.<\/p>\n<div>Este a\u00f1o nos acompa\u00f1ar\u00e1n Jos\u00e9 Antonio Kast y Carlos G\u00f3mez, quienes recientemente estuvieron como expositores en \u00abC\u00fapula Conservadora\u00bb en Foz de Iguaz\u00fa, la instancia organizada por el presidente electo de Brasil, Jair Bolsonaro.<\/div>\n<div><\/div>\n<div>Inscr\u00edbete en el siguiente link:\u00a0<a href=\"http:\/\/www.eventos.ciudadanoaustral.org\/\" target=\"_blank\" rel=\"noopener\" data-saferedirecturl=\"https:\/\/www.google.com\/url?q=http:\/\/www.eventos.ciudadanoaustral.org&amp;source=gmail&amp;ust=1545138492277000&amp;usg=AFQjCNG5OLQe56nQjadsQV0ftJf8-f75RQ\">www.eventos.ciudadanoaustral.<wbr \/>org<\/a><\/div>\n<div class=\"yj6qo ajU\"><\/div>\n","protected":false},"excerpt":{"rendered":"<p>Por segundo a\u00f1o consecutivo nuestra fundaci\u00f3n organiza la Cumbre Austral, el evento de l\u00edderes m\u00e1s importante del sur de Chile. Este a\u00f1o nos acompa\u00f1ar\u00e1n Jos\u00e9 Antonio Kast y Carlos G\u00f3mez, quienes recientemente estuvieron como expositores en \u00abC\u00fapula Conservadora\u00bb en Foz de Iguaz\u00fa, la instancia organizada por el presidente electo de Brasil, Jair Bolsonaro. Inscr\u00edbete en&#8230; <\/p>\n<div class=\"clear\"><\/div>\n<p><a href=\"https:\/\/ciudadanoaustral.org\/web\/2018\/12\/17\/segunda-cumbre-austral-12-de-enero-en-puerto-varas\/\" class=\"excerpt-read-more\">Read More<\/a><\/p>\n","protected":false},"author":3,"featured_media":4197,"comment_status":"closed","ping_status":"open","sticky":false,"template":"","format":"standard","meta":{"footnotes":""},"categories":[4],"tags":[],"class_list":["post-4196","post","type-post","status-publish","format-standard","has-post-thumbnail","hentry","category-noticias"],"aioseo_notices":[],"_links":{"self":[{"href":"https:\/\/ciudadanoaustral.org\/web\/wp-json\/wp\/v2\/posts\/4196","targetHints":{"allow":["GET"]}}],"collection":[{"href":"https:\/\/ciudadanoaustral.org\/web\/wp-json\/wp\/v2\/posts"}],"about":[{"href":"https:\/\/ciudadanoaustral.org\/web\/wp-json\/wp\/v2\/types\/post"}],"author":[{"embeddable":true,"href":"https:\/\/ciudadanoaustral.org\/web\/wp-json\/wp\/v2\/users\/3"}],"replies":[{"embeddable":true,"href":"https:\/\/ciudadanoaustral.org\/web\/wp-json\/wp\/v2\/comments?post=4196"}],"version-history":[{"count":1,"href":"https:\/\/ciudadanoaustral.org\/web\/wp-json\/wp\/v2\/posts\/4196\/revisions"}],"predecessor-version":[{"id":4198,"href":"https:\/\/ciudadanoaustral.org\/web\/wp-json\/wp\/v2\/posts\/4196\/revisions\/4198"}],"wp:featuredmedia":[{"embeddable":true,"href":"https:\/\/ciudadanoaustral.org\/web\/wp-json\/wp\/v2\/media\/4197"}],"wp:attachment":[{"href":"https:\/\/ciudadanoaustral.org\/web\/wp-json\/wp\/v2\/media?parent=4196"}],"wp:term":[{"taxonomy":"category","embeddable":true,"href":"https:\/\/ciudadanoaustral.org\/web\/wp-json\/wp\/v2\/categories?post=4196"},{"taxonomy":"post_tag","embeddable":true,"href":"https:\/\/ciudadanoaustral.org\/web\/wp-json\/wp\/v2\/tags?post=4196"}],"curies":[{"name":"wp","href":"https:\/\/api.w.org\/{rel}","templated":true}]}}