{"id":4188,"date":"2018-12-10T17:27:05","date_gmt":"2018-12-10T21:27:05","guid":{"rendered":"http:\/\/ciudadanoaustral.org\/web\/?p=4188"},"modified":"2019-01-21T12:13:02","modified_gmt":"2019-01-21T16:13:02","slug":"ciudadano-austral-presenta-su-empatia-por-los-avances-en-la-cumbre-conservadora-de-las-americas","status":"publish","type":"post","link":"https:\/\/ciudadanoaustral.org\/web\/2018\/12\/10\/ciudadano-austral-presenta-su-empatia-por-los-avances-en-la-cumbre-conservadora-de-las-americas\/","title":{"rendered":"Ciudadano Austral presenta su empat\u00eda por los avances en la Cumbre Conservadora de las Am\u00e9ricas"},"content":{"rendered":"<div><span style=\"font-size: large;\">El s\u00e1bado 8 de diciembre se realiz\u00f3 en Foz de Iguaz\u00fa, Brasil, la Cumbre Conservadora de las Am\u00e9ricas (C\u00fapula Conservadora das Am\u00e9ricas), coordinada por equipo del Presidente Electo de Brasil, Jair Bolsonaro y la Fundaci\u00f3n \u00cdndigo de Pol\u00edticas P\u00fablicas.\u00a0<\/span><\/div>\n<div><span style=\"font-size: large;\">\u00a0<\/span><\/div>\n<div><span style=\"font-size: large;\">Bolsonaro, en los d\u00edas previos anticip\u00f3 un mensaje respecto a este encuentro panregional: \u00abNo queremos ser como Venezuela u otros pa\u00edses dictatoriales del mundo\u00bb. Dicha cita congrega a diversos l\u00edderes de la derecha sudamericana, organizaciones de la sociedad civil, partidos pol\u00edticos y centros de estudio. Y dentro de los expositores se encuentran los chilenos Carlos G\u00f3mez (Ingeniero Civil, MBA Universidad de Chicago), Francisco Javier Leturia (Doctor en derecho de la Universidad de Salamanca) y Jos\u00e9 Antonio Kast (ex candidato Presidencial).\u00a0<\/span><\/div>\n<div><span style=\"font-size: large;\">\u00a0<\/span><\/div>\n<div><span style=\"font-size: large;\">Por otro lado, en el grupo de centros de estudio aparece la fundaci\u00f3n sure\u00f1a Ciudadano Austral, instituci\u00f3n que manifest\u00f3 su adhesi\u00f3n a la cumbre derechista. Con cuatro ejes tem\u00e1ticos: Econom\u00eda, Cultura, Pol\u00edtica y Seguridad, la C\u00fapula Conservadora abord\u00f3 estrategias para enfrentar las problem\u00e1ticas que aquejan a Sudam\u00e9rica como consecuencias de los gobiernos socialistas del \u00faltimo tiempo, los escenarios de corrupci\u00f3n, pobreza, terrorismo y la crisis de la seguridad social estatal.<\/span><\/div>\n<div><span style=\"font-size: large;\">\u00a0<\/span><\/div>\n<div><span style=\"font-size: large;\"><i>Vea aqu\u00ed la declaraci\u00f3n dada por Fundaci\u00f3n Ciudadano Austral<\/i><\/span><\/div>\n<div><iframe id=\"s_pdf_frame\" src=\"\/\/docs.google.com\/gview?embedded=true&url=http:\/\/ciudadanoaustral.org\/web\/wp-content\/uploads\/2018\/12\/Carta_C\u00fapula-Conservadora_CA.pdf\" style=\"width: 400px; height:500px;\" frameborder=\"0\"><\/iframe><\/div>\n","protected":false},"excerpt":{"rendered":"<p>El s\u00e1bado 8 de diciembre se realiz\u00f3 en Foz de Iguaz\u00fa, Brasil, la Cumbre Conservadora de las Am\u00e9ricas (C\u00fapula Conservadora das Am\u00e9ricas), coordinada por equipo del Presidente Electo de Brasil, Jair Bolsonaro y la Fundaci\u00f3n \u00cdndigo de Pol\u00edticas P\u00fablicas.\u00a0 \u00a0 Bolsonaro, en los d\u00edas previos anticip\u00f3 un mensaje respecto a este encuentro panregional: \u00abNo queremos&#8230; <\/p>\n<div class=\"clear\"><\/div>\n<p><a href=\"https:\/\/ciudadanoaustral.org\/web\/2018\/12\/10\/ciudadano-austral-presenta-su-empatia-por-los-avances-en-la-cumbre-conservadora-de-las-americas\/\" class=\"excerpt-read-more\">Read More<\/a><\/p>\n","protected":false},"author":3,"featured_media":4190,"comment_status":"closed","ping_status":"open","sticky":false,"template":"","format":"standard","meta":{"footnotes":""},"categories":[4],"tags":[],"class_list":["post-4188","post","type-post","status-publish","format-standard","has-post-thumbnail","hentry","category-noticias"],"aioseo_notices":[],"_links":{"self":[{"href":"https:\/\/ciudadanoaustral.org\/web\/wp-json\/wp\/v2\/posts\/4188","targetHints":{"allow":["GET"]}}],"collection":[{"href":"https:\/\/ciudadanoaustral.org\/web\/wp-json\/wp\/v2\/posts"}],"about":[{"href":"https:\/\/ciudadanoaustral.org\/web\/wp-json\/wp\/v2\/types\/post"}],"author":[{"embeddable":true,"href":"https:\/\/ciudadanoaustral.org\/web\/wp-json\/wp\/v2\/users\/3"}],"replies":[{"embeddable":true,"href":"https:\/\/ciudadanoaustral.org\/web\/wp-json\/wp\/v2\/comments?post=4188"}],"version-history":[{"count":1,"href":"https:\/\/ciudadanoaustral.org\/web\/wp-json\/wp\/v2\/posts\/4188\/revisions"}],"predecessor-version":[{"id":4191,"href":"https:\/\/ciudadanoaustral.org\/web\/wp-json\/wp\/v2\/posts\/4188\/revisions\/4191"}],"wp:featuredmedia":[{"embeddable":true,"href":"https:\/\/ciudadanoaustral.org\/web\/wp-json\/wp\/v2\/media\/4190"}],"wp:attachment":[{"href":"https:\/\/ciudadanoaustral.org\/web\/wp-json\/wp\/v2\/media?parent=4188"}],"wp:term":[{"taxonomy":"category","embeddable":true,"href":"https:\/\/ciudadanoaustral.org\/web\/wp-json\/wp\/v2\/categories?post=4188"},{"taxonomy":"post_tag","embeddable":true,"href":"https:\/\/ciudadanoaustral.org\/web\/wp-json\/wp\/v2\/tags?post=4188"}],"curies":[{"name":"wp","href":"https:\/\/api.w.org\/{rel}","templated":true}]}}