{"id":4180,"date":"2018-11-15T18:53:13","date_gmt":"2018-11-15T22:53:13","guid":{"rendered":"http:\/\/ciudadanoaustral.org\/web\/?p=4180"},"modified":"2019-01-21T12:13:08","modified_gmt":"2019-01-21T16:13:08","slug":"encargado-de-relaciones-internacionales-de-nuestra-fundacion-expone-sobre-la-economia-chilena-en-italia","status":"publish","type":"post","link":"https:\/\/ciudadanoaustral.org\/web\/2018\/11\/15\/encargado-de-relaciones-internacionales-de-nuestra-fundacion-expone-sobre-la-economia-chilena-en-italia\/","title":{"rendered":"Encargado de Relaciones Internacionales de nuestra fundaci\u00f3n expone sobre la econom\u00eda chilena en Italia."},"content":{"rendered":"<div>El chonchino Daniel Grady, quien se desempe\u00f1a como encargado de RR.II de nuestra fundaci\u00f3n expuso recientemente en la reuni\u00f3n regional que organiz\u00f3 el cap\u00edtulo italiano de \u00abEstudiantes por la Libertad\u00bb<\/div>\n<div><\/div>\n<div>Grady tuvo la oportunidad de exponer sobre la econom\u00eda chilena a los asistentes que llegaron hasta Mil\u00e1n a este seminario anual que re\u00fane a un selecto grupo de conferencistas los cuales discuten y reflexionan sobre la libertad libertad individual, los mercados libres y la democracia.<\/div>\n<div><\/div>\n<div>La presentaci\u00f3n del sure\u00f1o vers\u00f3 sobre el denominado milagro econ\u00f3mico chileno de los \u00faltimos cuarenta y cinco a\u00f1os, que nos tiene hoy como el pa\u00eds con mejor calidad de vida de latinoam\u00e9rica.<\/div>\n<div><\/div>\n<div>A su respecto, Daniel Grady indic\u00f3 que \u00abel estar en Europa exponiendo sobre c\u00f3mo nuestro pa\u00eds sali\u00f3 del socialismo y estatismo de la primera mitad del siglo XX y abraz\u00f3 las ideas de la libertad que hoy nos tienen como un l\u00edder en latinoam\u00e9rica, es algo que me llena de orgullo, como chilote hijo del modelo econ\u00f3mico\u00bb.<\/div>\n<div><\/div>\n<div>Finalmente el Director Ejecutivo de Ciudadano Austral, el Ingeniero Civil, Andr\u00e9s Barrientos C\u00e1rdenas, afirm\u00f3 que \u00abesta es la tercera vez en el a\u00f1o que nuestra fundaci\u00f3n tiene a alguno de sus integrantes en una conferencia en el extranjero como expositor y pronto tambi\u00e9n estaremos en Paraguay en un congreso internacional sobre tem\u00e1ticas similares\u00bb.<\/div>\n","protected":false},"excerpt":{"rendered":"<p>El chonchino Daniel Grady, quien se desempe\u00f1a como encargado de RR.II de nuestra fundaci\u00f3n expuso recientemente en la reuni\u00f3n regional que organiz\u00f3 el cap\u00edtulo italiano de \u00abEstudiantes por la Libertad\u00bb Grady tuvo la oportunidad de exponer sobre la econom\u00eda chilena a los asistentes que llegaron hasta Mil\u00e1n a este seminario anual que re\u00fane a un&#8230; <\/p>\n<div class=\"clear\"><\/div>\n<p><a href=\"https:\/\/ciudadanoaustral.org\/web\/2018\/11\/15\/encargado-de-relaciones-internacionales-de-nuestra-fundacion-expone-sobre-la-economia-chilena-en-italia\/\" class=\"excerpt-read-more\">Read More<\/a><\/p>\n","protected":false},"author":3,"featured_media":4181,"comment_status":"closed","ping_status":"open","sticky":false,"template":"","format":"standard","meta":{"footnotes":""},"categories":[4],"tags":[],"class_list":["post-4180","post","type-post","status-publish","format-standard","has-post-thumbnail","hentry","category-noticias"],"aioseo_notices":[],"_links":{"self":[{"href":"https:\/\/ciudadanoaustral.org\/web\/wp-json\/wp\/v2\/posts\/4180","targetHints":{"allow":["GET"]}}],"collection":[{"href":"https:\/\/ciudadanoaustral.org\/web\/wp-json\/wp\/v2\/posts"}],"about":[{"href":"https:\/\/ciudadanoaustral.org\/web\/wp-json\/wp\/v2\/types\/post"}],"author":[{"embeddable":true,"href":"https:\/\/ciudadanoaustral.org\/web\/wp-json\/wp\/v2\/users\/3"}],"replies":[{"embeddable":true,"href":"https:\/\/ciudadanoaustral.org\/web\/wp-json\/wp\/v2\/comments?post=4180"}],"version-history":[{"count":1,"href":"https:\/\/ciudadanoaustral.org\/web\/wp-json\/wp\/v2\/posts\/4180\/revisions"}],"predecessor-version":[{"id":4182,"href":"https:\/\/ciudadanoaustral.org\/web\/wp-json\/wp\/v2\/posts\/4180\/revisions\/4182"}],"wp:featuredmedia":[{"embeddable":true,"href":"https:\/\/ciudadanoaustral.org\/web\/wp-json\/wp\/v2\/media\/4181"}],"wp:attachment":[{"href":"https:\/\/ciudadanoaustral.org\/web\/wp-json\/wp\/v2\/media?parent=4180"}],"wp:term":[{"taxonomy":"category","embeddable":true,"href":"https:\/\/ciudadanoaustral.org\/web\/wp-json\/wp\/v2\/categories?post=4180"},{"taxonomy":"post_tag","embeddable":true,"href":"https:\/\/ciudadanoaustral.org\/web\/wp-json\/wp\/v2\/tags?post=4180"}],"curies":[{"name":"wp","href":"https:\/\/api.w.org\/{rel}","templated":true}]}}