{"id":4176,"date":"2018-11-14T09:29:21","date_gmt":"2018-11-14T13:29:21","guid":{"rendered":"http:\/\/ciudadanoaustral.org\/web\/?p=4176"},"modified":"2019-01-21T12:12:46","modified_gmt":"2019-01-21T16:12:46","slug":"integrantes-de-ciudadano-austral-participan-en-conmemoracion-del-holocausto-comunista-de-holodomor","status":"publish","type":"post","link":"https:\/\/ciudadanoaustral.org\/web\/2018\/11\/14\/integrantes-de-ciudadano-austral-participan-en-conmemoracion-del-holocausto-comunista-de-holodomor\/","title":{"rendered":"Integrantes de Ciudadano Austral participan en conmemoraci\u00f3n del holocausto comunista de Holodomor"},"content":{"rendered":"<div>\n<p>Integrantes de Ciudadano Austral participaron en la Ceremonia Conmemorativa \u00abEncienda la Vela del Recuerdo\u00bb dedicada a las v\u00edctimas del Holocausto Comunista de Holodomor (la Hambruna artificial), que quit\u00f3 la vida a las m\u00e1s que 7 millones de ucranianos bajo el r\u00e9gimen stalinista sovi\u00e9tico.<!--more--><\/p>\n<p>La actividad, convocada por la Misi\u00f3n Diplom\u00e1tica de Ucrania en Chile, implic\u00f3 un minuto de silencio por las v\u00edctimas y encender una vela tal como hicieron distintos pa\u00edses a lo largo del mundo. Despu\u00e9s de la ceremonia fue presentada la pel\u00edcula documental \u00abHolodomor. Naturaleza del genocidio\u00bb.<\/p>\n<p>Si desea realizarse alguna presentaci\u00f3n del documental en Universidades o Colegios pueden escribir a\u00a0<a href=\"mailto:sumate@ciudadanoaustral.org\" target=\"_blank\" rel=\"noopener\">sumate@ciudadanoaustral.org<\/a><\/p>\n<\/div>\n<div>\n<p>Link:\u00a0<a href=\"https:\/\/www.facebook.com\/embajadadeucraniaenchile\/posts\/285708975382298\" target=\"_blank\" rel=\"noopener\" data-saferedirecturl=\"https:\/\/www.google.com\/url?q=https:\/\/www.facebook.com\/embajadadeucraniaenchile\/posts\/285708975382298&amp;source=gmail&amp;ust=1542288076942000&amp;usg=AFQjCNHABya1xBr7BRiG1jhxycZ5934ghQ\">https:\/\/www.facebook.<wbr \/>com\/embajadadeucraniaenchile\/<wbr \/>posts\/285708975382298<\/a><\/p>\n<\/div>\n","protected":false},"excerpt":{"rendered":"<p>Integrantes de Ciudadano Austral participaron en la Ceremonia Conmemorativa \u00abEncienda la Vela del Recuerdo\u00bb dedicada a las v\u00edctimas del Holocausto Comunista de Holodomor (la Hambruna artificial), que quit\u00f3 la vida a las m\u00e1s que 7 millones de ucranianos bajo el r\u00e9gimen stalinista sovi\u00e9tico.<\/p>\n","protected":false},"author":3,"featured_media":4177,"comment_status":"closed","ping_status":"open","sticky":false,"template":"","format":"standard","meta":{"footnotes":""},"categories":[4],"tags":[],"class_list":["post-4176","post","type-post","status-publish","format-standard","has-post-thumbnail","hentry","category-noticias"],"aioseo_notices":[],"_links":{"self":[{"href":"https:\/\/ciudadanoaustral.org\/web\/wp-json\/wp\/v2\/posts\/4176","targetHints":{"allow":["GET"]}}],"collection":[{"href":"https:\/\/ciudadanoaustral.org\/web\/wp-json\/wp\/v2\/posts"}],"about":[{"href":"https:\/\/ciudadanoaustral.org\/web\/wp-json\/wp\/v2\/types\/post"}],"author":[{"embeddable":true,"href":"https:\/\/ciudadanoaustral.org\/web\/wp-json\/wp\/v2\/users\/3"}],"replies":[{"embeddable":true,"href":"https:\/\/ciudadanoaustral.org\/web\/wp-json\/wp\/v2\/comments?post=4176"}],"version-history":[{"count":1,"href":"https:\/\/ciudadanoaustral.org\/web\/wp-json\/wp\/v2\/posts\/4176\/revisions"}],"predecessor-version":[{"id":4178,"href":"https:\/\/ciudadanoaustral.org\/web\/wp-json\/wp\/v2\/posts\/4176\/revisions\/4178"}],"wp:featuredmedia":[{"embeddable":true,"href":"https:\/\/ciudadanoaustral.org\/web\/wp-json\/wp\/v2\/media\/4177"}],"wp:attachment":[{"href":"https:\/\/ciudadanoaustral.org\/web\/wp-json\/wp\/v2\/media?parent=4176"}],"wp:term":[{"taxonomy":"category","embeddable":true,"href":"https:\/\/ciudadanoaustral.org\/web\/wp-json\/wp\/v2\/categories?post=4176"},{"taxonomy":"post_tag","embeddable":true,"href":"https:\/\/ciudadanoaustral.org\/web\/wp-json\/wp\/v2\/tags?post=4176"}],"curies":[{"name":"wp","href":"https:\/\/api.w.org\/{rel}","templated":true}]}}