{"id":4161,"date":"2018-10-19T10:54:37","date_gmt":"2018-10-19T14:54:37","guid":{"rendered":"http:\/\/ciudadanoaustral.org\/web\/?p=4161"},"modified":"2018-10-29T09:44:57","modified_gmt":"2018-10-29T13:44:57","slug":"foro-latinoamericano-sobre-impuestos-derechos-de-propiedad-y-libertad","status":"publish","type":"post","link":"https:\/\/ciudadanoaustral.org\/web\/2018\/10\/19\/foro-latinoamericano-sobre-impuestos-derechos-de-propiedad-y-libertad\/","title":{"rendered":"Foro latinoamericano sobre impuestos, derechos de propiedad y libertad"},"content":{"rendered":"<p><span data-originalfontsize=\"11pt\" data-originalcomputedfontsize=\"14.666666984558105\">El Director Ejecutivo de Fundaci\u00f3n Ciudadano Austral, Andr\u00e9s Barrientos, asisti\u00f3 foro de Centros de Estudio y de Asociaciones de Contribuyentes que promueve la protecci\u00f3n de la riqueza por medio de la baja de impuestos como l\u00edmite al gobierno y como impulso al crecimiento econ\u00f3mico, as\u00ed tambi\u00e9n la educaci\u00f3n al contribuyente. Este correspondi\u00f3 al primer evento en realizado en Latinoam\u00e9rica y fue desarrollado en Lima, Per\u00fa, entre el 12 y 14 de octubre.<\/span><\/p>\n<p><span data-removefontsize=\"true\" data-originalcomputedfontsize=\"14.666666984558105\">En la instancia formativa y de reflexi\u00f3n se trataron temas como \u201cDerechos de propiedad y crecimiento econ\u00f3mico; Reformas tributarias para los ciudadanos; Organizaci\u00f3n de movimientos de contribuyentes en Latinoam\u00e9rica\u201d junto a otras estrategias para lograr incentivar a la sociedad en apoyar la reducci\u00f3n tributaria.\u00a0 Barrientos expuso sobre las tem\u00e1ticas y estudios que ha realizado Ciudadano Austral en estas materias y se\u00f1ala \u201csiendo el primer foro que se hace en latino am\u00e9rica, es un orgullo participar en este tipo de instancias (\u2026) estamos muy agradecidos de saber que estamos forzando una mayor cantidad de alianzas y as\u00ed tambi\u00e9n tomar experiencias positivas para desarrollar pr\u00f3ximamente en nuestro pa\u00eds\u201d.<\/span><\/p>\n<p><span data-removefontsize=\"true\" data-originalcomputedfontsize=\"14.666666984558105\">Seg\u00fan Jos\u00e9 Beteta, Presidente de la Asociaci\u00f3n de Contribuyentes de Per\u00fa, \u201cla idea es hacer este foro de contribuyente para crear una mentalidad de contribuyentes, de fiscalizaci\u00f3n\u201d, que se pueda celebrar en cada pa\u00eds para generar un cambio cultural.<\/span><\/p>\n<p><span data-removefontsize=\"true\" data-originalcomputedfontsize=\"14.666666984558105\">Ciudadano Austral lleva varios a\u00f1os realizando iniciativas en esta materia que han impactado la opini\u00f3n p\u00fablica, siendo la m\u00e1s reciente el Compromiso Tributario para el Progreso de Chile en las pasadas elecciones generales de 2018. Tomando la experiencia del think tank Americans for Tax Reform, instituci\u00f3n que asesor\u00f3 las reformas tributarias de los presidentes Ronald Reagan y Donald Trump. Adhiriendo a candidatos de distintos partidos pol\u00edticos, aspirantes a Consejos Regionales, al Congreso, a la Moneda para no subir los impuestos en el actual per\u00edodo legislativo.<\/span><\/p>\n<p><span data-removefontsize=\"true\" data-originalcomputedfontsize=\"14.666666984558105\">De esta forma, la actividad organizada por Asociaci\u00f3n de Contribuyentes de Per\u00fa, apoyada por World Taxpayers Associations, Property Rights Alliance y Americans for Tax Reform concluy\u00f3 con la participaci\u00f3n de m\u00e1s de 12 organizaciones de Latinoam\u00e9rica y algunas de las m\u00e1s importantes del mundo en estas materias.<\/span><\/p>\n","protected":false},"excerpt":{"rendered":"<p>El Director Ejecutivo de Fundaci\u00f3n Ciudadano Austral, Andr\u00e9s Barrientos, asisti\u00f3 foro de Centros de Estudio y de Asociaciones de Contribuyentes que promueve la protecci\u00f3n de la riqueza por medio de la baja de impuestos como l\u00edmite al gobierno y como impulso al crecimiento econ\u00f3mico, as\u00ed tambi\u00e9n la educaci\u00f3n al contribuyente. Este correspondi\u00f3 al primer evento&#8230; <\/p>\n<div class=\"clear\"><\/div>\n<p><a href=\"https:\/\/ciudadanoaustral.org\/web\/2018\/10\/19\/foro-latinoamericano-sobre-impuestos-derechos-de-propiedad-y-libertad\/\" class=\"excerpt-read-more\">Read More<\/a><\/p>\n","protected":false},"author":3,"featured_media":4162,"comment_status":"closed","ping_status":"open","sticky":false,"template":"","format":"standard","meta":{"footnotes":""},"categories":[4],"tags":[],"class_list":["post-4161","post","type-post","status-publish","format-standard","has-post-thumbnail","hentry","category-noticias"],"aioseo_notices":[],"_links":{"self":[{"href":"https:\/\/ciudadanoaustral.org\/web\/wp-json\/wp\/v2\/posts\/4161","targetHints":{"allow":["GET"]}}],"collection":[{"href":"https:\/\/ciudadanoaustral.org\/web\/wp-json\/wp\/v2\/posts"}],"about":[{"href":"https:\/\/ciudadanoaustral.org\/web\/wp-json\/wp\/v2\/types\/post"}],"author":[{"embeddable":true,"href":"https:\/\/ciudadanoaustral.org\/web\/wp-json\/wp\/v2\/users\/3"}],"replies":[{"embeddable":true,"href":"https:\/\/ciudadanoaustral.org\/web\/wp-json\/wp\/v2\/comments?post=4161"}],"version-history":[{"count":1,"href":"https:\/\/ciudadanoaustral.org\/web\/wp-json\/wp\/v2\/posts\/4161\/revisions"}],"predecessor-version":[{"id":4163,"href":"https:\/\/ciudadanoaustral.org\/web\/wp-json\/wp\/v2\/posts\/4161\/revisions\/4163"}],"wp:featuredmedia":[{"embeddable":true,"href":"https:\/\/ciudadanoaustral.org\/web\/wp-json\/wp\/v2\/media\/4162"}],"wp:attachment":[{"href":"https:\/\/ciudadanoaustral.org\/web\/wp-json\/wp\/v2\/media?parent=4161"}],"wp:term":[{"taxonomy":"category","embeddable":true,"href":"https:\/\/ciudadanoaustral.org\/web\/wp-json\/wp\/v2\/categories?post=4161"},{"taxonomy":"post_tag","embeddable":true,"href":"https:\/\/ciudadanoaustral.org\/web\/wp-json\/wp\/v2\/tags?post=4161"}],"curies":[{"name":"wp","href":"https:\/\/api.w.org\/{rel}","templated":true}]}}