{"id":4152,"date":"2018-09-30T21:13:52","date_gmt":"2018-10-01T01:13:52","guid":{"rendered":"http:\/\/ciudadanoaustral.org\/web\/?p=4152"},"modified":"2018-10-29T09:44:48","modified_gmt":"2018-10-29T13:44:48","slug":"encuentro-con-la-sociedad-civil-marco-la-visita-de-fundacion-ciudadano-austral-a-osorno","status":"publish","type":"post","link":"https:\/\/ciudadanoaustral.org\/web\/2018\/09\/30\/encuentro-con-la-sociedad-civil-marco-la-visita-de-fundacion-ciudadano-austral-a-osorno\/","title":{"rendered":"Encuentro con la sociedad civil marc\u00f3 la visita de Fundaci\u00f3n Ciudadano Austral a Osorno"},"content":{"rendered":"<p dir=\"ltr\">Por m\u00e1s de una hora y media los asistentes a la charla; \u201cEmprendimiento y Liderazgo en la Sociedad Civil\u201d, pudieron debatir, conversar y plantear sus puntos de vista respecto al rol que tienen las organizaciones en la actualidad y lo que han contribuido a trav\u00e9s de su historia.<\/p>\n<p>A cargo de esta charla, estuvo el Director Ejecutivo de la Fundaci\u00f3n Ciudadano Austral, el Ingeniero Civil Andr\u00e9s Barrientos, quien en compa\u00f1\u00eda de Pablo Gonz\u00e1lez, vicepresidente del Centro Cultural Ciudadano y Responsabilidad Social fueron los responsables de mantener a un publico atento y participativo de las materias tratadas. Barrientos cont\u00f3 a los presentes lo complejo que fueron los inicios de Ciudadano Austral, considerando que son de una zona lejos del centralismo, como lo es Chilo\u00e9; \u201cdonde solo con las ganas de contribuir a la defensa de las ideas de la libertad y el rol de la sociedad civil empoderada, estos cinco a\u00f1os de existencia han sido el elemento de nuestro auge y permanencia\u201d sostuvo el director.<\/p>\n<p dir=\"ltr\">Sin duda tem\u00e1ticas de actualidad no quedaron ajenas en la presentaci\u00f3n; entre ellas la reforma tributaria, el rol del Estado frente a la sociedad civil, el rol que ha jugado el sistema econ\u00f3mico en la movilidad social, etc. Ejemplos de una sociedad civil organizada -coment\u00f3 Eduardo Leiva Zumelzu, socio del Centro Cultural Ciudadano, existen, \u201ces cosa de mirar la historia, distinguidos hombres fundadores de la Universidad de Concepci\u00f3n sin haberse organizado y cre\u00eddo en un proyecto educativo muy dif\u00edcilmente hoy ser\u00eda lo que es esa instituci\u00f3n de educaci\u00f3n superior, considerando el pensamiento centralista imperante, donde Santiago solo era eje de proyecci\u00f3n universitaria\u201d, sostuvo Leiva.<\/p>\n<p dir=\"ltr\">Otro de los ejes de la conversaci\u00f3n ciudadana generada en el encuentro fue la importancia de generar m\u00e1s espacios de conversaci\u00f3n, en ese sentido, Mat\u00edas Yaeger, estudiante universitario coment\u00f3 que \u201cel intercambio de opiniones y generaci\u00f3n del debate es una actividad fascinante, que hoy lamentablemente se ve poco, esto nos permite afianzar lazos y generar una verdadera amistad c\u00edvica\u201d.<\/p>\n<p dir=\"ltr\">En la cita, los presentes pudieron intercambiar ideas y opiniones, donde los j\u00f3venes mostraban su inter\u00e9s por crear organizaciones que sean capaces no solo de defender ideas, contribuir al debate, sino tambi\u00e9n ser un aporte a la sociedad.<\/p>\n<p dir=\"ltr\">Fuente:\u00a0<a href=\"http:\/\/diarioloslagos.cl\/\" target=\"_blank\" rel=\"noopener\" data-saferedirecturl=\"https:\/\/www.google.com\/url?q=http:\/\/diarioloslagos.cl&amp;source=gmail&amp;ust=1538442664467000&amp;usg=AFQjCNFGQP5pKKz2NqpuG0Q0MxK-lJYAdw\">diarioloslagos.cl<\/a><\/p>\n","protected":false},"excerpt":{"rendered":"<p>Por m\u00e1s de una hora y media los asistentes a la charla; \u201cEmprendimiento y Liderazgo en la Sociedad Civil\u201d, pudieron debatir, conversar y plantear sus puntos de vista respecto al rol que tienen las organizaciones en la actualidad y lo que han contribuido a trav\u00e9s de su historia. A cargo de esta charla, estuvo el&#8230; <\/p>\n<div class=\"clear\"><\/div>\n<p><a href=\"https:\/\/ciudadanoaustral.org\/web\/2018\/09\/30\/encuentro-con-la-sociedad-civil-marco-la-visita-de-fundacion-ciudadano-austral-a-osorno\/\" class=\"excerpt-read-more\">Read More<\/a><\/p>\n","protected":false},"author":3,"featured_media":4153,"comment_status":"closed","ping_status":"open","sticky":false,"template":"","format":"standard","meta":{"footnotes":""},"categories":[4],"tags":[],"class_list":["post-4152","post","type-post","status-publish","format-standard","has-post-thumbnail","hentry","category-noticias"],"aioseo_notices":[],"_links":{"self":[{"href":"https:\/\/ciudadanoaustral.org\/web\/wp-json\/wp\/v2\/posts\/4152","targetHints":{"allow":["GET"]}}],"collection":[{"href":"https:\/\/ciudadanoaustral.org\/web\/wp-json\/wp\/v2\/posts"}],"about":[{"href":"https:\/\/ciudadanoaustral.org\/web\/wp-json\/wp\/v2\/types\/post"}],"author":[{"embeddable":true,"href":"https:\/\/ciudadanoaustral.org\/web\/wp-json\/wp\/v2\/users\/3"}],"replies":[{"embeddable":true,"href":"https:\/\/ciudadanoaustral.org\/web\/wp-json\/wp\/v2\/comments?post=4152"}],"version-history":[{"count":1,"href":"https:\/\/ciudadanoaustral.org\/web\/wp-json\/wp\/v2\/posts\/4152\/revisions"}],"predecessor-version":[{"id":4154,"href":"https:\/\/ciudadanoaustral.org\/web\/wp-json\/wp\/v2\/posts\/4152\/revisions\/4154"}],"wp:featuredmedia":[{"embeddable":true,"href":"https:\/\/ciudadanoaustral.org\/web\/wp-json\/wp\/v2\/media\/4153"}],"wp:attachment":[{"href":"https:\/\/ciudadanoaustral.org\/web\/wp-json\/wp\/v2\/media?parent=4152"}],"wp:term":[{"taxonomy":"category","embeddable":true,"href":"https:\/\/ciudadanoaustral.org\/web\/wp-json\/wp\/v2\/categories?post=4152"},{"taxonomy":"post_tag","embeddable":true,"href":"https:\/\/ciudadanoaustral.org\/web\/wp-json\/wp\/v2\/tags?post=4152"}],"curies":[{"name":"wp","href":"https:\/\/api.w.org\/{rel}","templated":true}]}}