{"id":4135,"date":"2018-07-18T09:53:23","date_gmt":"2018-07-18T13:53:23","guid":{"rendered":"http:\/\/ciudadanoaustral.org\/web\/?p=4135"},"modified":"2018-07-18T09:56:45","modified_gmt":"2018-07-18T13:56:45","slug":"fundacion-ciudadano-austral-se-capacita-en-alemania","status":"publish","type":"post","link":"https:\/\/ciudadanoaustral.org\/web\/2018\/07\/18\/fundacion-ciudadano-austral-se-capacita-en-alemania\/","title":{"rendered":"Fundaci\u00f3n Ciudadano Austral se capacita en Alemania."},"content":{"rendered":"<p style=\"font-weight: 400;\">El ingeniero civil industrial y Colaborador Asociado de la Fundaci\u00f3n Ciudadano Austral, Yonathan Fuentealba, recientemente estuvo Alemania cursando el seminario internacional \u201cPol\u00edticas locales y participaci\u00f3n ciudadana\u201d. La actividad se realiz\u00f3 en la \u201cAcademia Internacional para J\u00f3venes L\u00edderes Theodor Heuss de la Fundaci\u00f3n Friedrich Naumann para la Libertad\u201d (IAF) en Gummersbach, Alemania.<\/p>\n<p style=\"font-weight: 400;\">El curso abord\u00f3 tem\u00e1ticas como principio y valores de la libertad, las bases del liberalismo, particularmente en cu\u00e1les son los desaf\u00edos y exigencia en los municipios, c\u00f3mo poder compararse con otros pa\u00edses en el \u00e1mbito de los gobiernos locales y en la eficiencia econ\u00f3mica.<!--more--><\/p>\n<p style=\"font-weight: 400;\">Siendo el sure\u00f1o el \u00fanico chileno en esta actividad. Experiencia incre\u00edble para \u00e9l debido a que pudo conocer \u201cuna naci\u00f3n totalmente desarrollada\u201d y una actividad que brinda \u201cherramientas espectaculares, cuyo foco es aplicar pol\u00edticas de libertad econ\u00f3micas en gobiernos locales\u201d. Teniendo oportunidad de compartir con 25 personas de 18 pa\u00edses de Europa, Asia, \u00c1frica y Sudam\u00e9rica. Junto a Alcaldes, Concejales y l\u00edderes j\u00f3venes de pa\u00edses como Honduras, Ucrania, Armenia o de India.<\/p>\n<p style=\"font-weight: 400;\">Explica Fuentealba que el seminario \u201cda una perspectiva general de qu\u00e9 est\u00e1n haciendo los municipios para comparar cu\u00e1les son los desaf\u00edos, necesidades que se requieren a nivel global en una mirada liberal, c\u00f3mo dar mayor participaci\u00f3n a la ciudadan\u00eda, c\u00f3mo se pudo llegar a enriquecer el conocimiento de la pol\u00edtica local en primer lugar\u201d. La actividad contempl\u00f3 la visita a ciudades alemanas como Leverkusen (ciudad en el estado de Renania del Norte-Westfalia) en donde los participantes pudieron conocer una iniciativa privada para unir lo estatal con los universitarios para lograr un desarrollo independiente de otras provincias alemanas. Tambi\u00e9n la ciudad de M\u00fcnster, donde se reunieron con el Alcalde del municipio, dos diputados del Partido Liberal Alem\u00e1n y autoridades expertas en -smart cities-, y, desarrollo econ\u00f3mico.<\/p>\n<p style=\"font-weight: 400;\">\u00a0La visita al pa\u00eds europeo impact\u00f3 al ingeniero porque pudo ver un pa\u00eds \u201cdescentralizado, cuya capacidad de sus estados autosuficientes que a\u00fan con impuestos federales puedes desarrollar potencialidades end\u00f3genas, bastante independencia econ\u00f3mica y pol\u00edtica\u201d Se\u00f1al\u00f3 Fuenteabla. Adem\u00e1s el profesional sure\u00f1o indic\u00f3 que se visualiza una \u201cdescentralizaci\u00f3n que tambi\u00e9n se extiende a la academia, en sus servicios, una alta industria, lo que permite incluso una competencia interna para ver qu\u00e9 estados tienen menos impuestos\u201d.<\/p>\n<p style=\"font-weight: 400;\">Expres\u00f3 tambi\u00e9n que lo que m\u00e1s le gust\u00f3 de haber participado en esta enriquecedora actividad fue conocer \u201cpersonas cuyas historias de vida en otros pa\u00edses me permitieron comparar a nuestro pa\u00eds con los grandes \u00e9xitos que hemos logrado en el desarrollo econ\u00f3mico y que nos tienen como el pa\u00eds con mejor calidad de vida de latinoam\u00e9rica\u201d.<\/p>\n<p style=\"font-weight: 400;\">De esta manera, Yonathan Fuentealba se convirti\u00f3 en el tercer integrante de Ciudadano Austral que es becado por la Fundaci\u00f3n Friedrich Naumann para asistir a capacitaciones en Alemania, todo lo anterior gracias al v\u00ednculo entre la fundaci\u00f3n local y la Red Liberal de Latinoam\u00e9rica (RELIAL).<\/p>\n<p><strong>Equipo de Comunicaciones<\/strong><\/p>\n","protected":false},"excerpt":{"rendered":"<p>El ingeniero civil industrial y Colaborador Asociado de la Fundaci\u00f3n Ciudadano Austral, Yonathan Fuentealba, recientemente estuvo Alemania cursando el seminario internacional \u201cPol\u00edticas locales y participaci\u00f3n ciudadana\u201d. La actividad se realiz\u00f3 en la \u201cAcademia Internacional para J\u00f3venes L\u00edderes Theodor Heuss de la Fundaci\u00f3n Friedrich Naumann para la Libertad\u201d (IAF) en Gummersbach, Alemania. El curso abord\u00f3 tem\u00e1ticas&#8230; <\/p>\n<div class=\"clear\"><\/div>\n<p><a href=\"https:\/\/ciudadanoaustral.org\/web\/2018\/07\/18\/fundacion-ciudadano-austral-se-capacita-en-alemania\/\" class=\"excerpt-read-more\">Read More<\/a><\/p>\n","protected":false},"author":3,"featured_media":4136,"comment_status":"closed","ping_status":"open","sticky":false,"template":"","format":"standard","meta":{"footnotes":""},"categories":[4],"tags":[],"class_list":["post-4135","post","type-post","status-publish","format-standard","has-post-thumbnail","hentry","category-noticias"],"aioseo_notices":[],"_links":{"self":[{"href":"https:\/\/ciudadanoaustral.org\/web\/wp-json\/wp\/v2\/posts\/4135","targetHints":{"allow":["GET"]}}],"collection":[{"href":"https:\/\/ciudadanoaustral.org\/web\/wp-json\/wp\/v2\/posts"}],"about":[{"href":"https:\/\/ciudadanoaustral.org\/web\/wp-json\/wp\/v2\/types\/post"}],"author":[{"embeddable":true,"href":"https:\/\/ciudadanoaustral.org\/web\/wp-json\/wp\/v2\/users\/3"}],"replies":[{"embeddable":true,"href":"https:\/\/ciudadanoaustral.org\/web\/wp-json\/wp\/v2\/comments?post=4135"}],"version-history":[{"count":1,"href":"https:\/\/ciudadanoaustral.org\/web\/wp-json\/wp\/v2\/posts\/4135\/revisions"}],"predecessor-version":[{"id":4137,"href":"https:\/\/ciudadanoaustral.org\/web\/wp-json\/wp\/v2\/posts\/4135\/revisions\/4137"}],"wp:featuredmedia":[{"embeddable":true,"href":"https:\/\/ciudadanoaustral.org\/web\/wp-json\/wp\/v2\/media\/4136"}],"wp:attachment":[{"href":"https:\/\/ciudadanoaustral.org\/web\/wp-json\/wp\/v2\/media?parent=4135"}],"wp:term":[{"taxonomy":"category","embeddable":true,"href":"https:\/\/ciudadanoaustral.org\/web\/wp-json\/wp\/v2\/categories?post=4135"},{"taxonomy":"post_tag","embeddable":true,"href":"https:\/\/ciudadanoaustral.org\/web\/wp-json\/wp\/v2\/tags?post=4135"}],"curies":[{"name":"wp","href":"https:\/\/api.w.org\/{rel}","templated":true}]}}