{"id":4131,"date":"2018-07-18T09:51:44","date_gmt":"2018-07-18T13:51:44","guid":{"rendered":"http:\/\/ciudadanoaustral.org\/web\/?p=4131"},"modified":"2018-07-18T09:56:37","modified_gmt":"2018-07-18T13:56:37","slug":"mas-de-mil-alumnos-de-iii-medio-asistieron-al-seminario-vocacional-organizado-por-la-universidad-de-los-andes","status":"publish","type":"post","link":"https:\/\/ciudadanoaustral.org\/web\/2018\/07\/18\/mas-de-mil-alumnos-de-iii-medio-asistieron-al-seminario-vocacional-organizado-por-la-universidad-de-los-andes\/","title":{"rendered":"M\u00e1s de mil alumnos de III\u00b0 medio asistieron al Seminario Vocacional organizado por la Universidad de Los Andes"},"content":{"rendered":"<div>\n<div>La bienvenida la dio el Rector de la Universidad de los Andes, Jos\u00e9 Antonio Guzm\u00e1n, quien se\u00f1al\u00f3 que el objetivo del seminario era ayudar a los estudiantes a \u201creflexionar sobre lo que se les viene por delante, en torno a tres conceptos: liderazgo, emprendimiento e innovaci\u00f3n.\u201d El Rector se refiri\u00f3 a que ellos ser\u00edan los l\u00edderes en 15 a\u00f1os m\u00e1s y para esto deb\u00edan prepararse hoy. \u201cEn una \u00e9poca donde est\u00e1 en auge la libertad y la creatividad, es cada vez m\u00e1s necesario el emprendimiento, porque \u00e9ste genera desarrollo econ\u00f3mico y social\u201d, agreg\u00f3.<\/div>\n<p><!--more--><\/p>\n<div>Jos\u00e9 Antonio Guzm\u00e1n anim\u00f3 a los j\u00f3venes a ser protagonistas de sus propias vidas y explic\u00f3 c\u00f3mo en la UANDES se ofrece un plan de formaci\u00f3n m\u00e1s all\u00e1 de las competencias profesionales para ayudarles a resolver las grandes preguntas de la vida. A\u00f1adi\u00f3 que para que sus talentos rindan al m\u00e1ximo \u201cdeben orientarlos al servicio de los dem\u00e1s y ser capaces de adaptarse con facilidad a las diversas circunstancias\u201d.<\/div>\n<div><\/div>\n<div>Durante el seminario, se realizaron dos paneles de conversaci\u00f3n con testimonios de vida de destacados emprendedores y l\u00edderes sociales. En el intermedio alumnos de la UANDES realizaron una presentaci\u00f3n de hip hop.<\/div>\n<div><\/div>\n<div>Por otro lado,el Director Ejecutivo de Fundaci\u00f3n Ciudadano Austral y Alumni UANDES, Andr\u00e9s Barrientos C\u00e1rdenas, los anim\u00f3 a no tener miedo al fracaso. \u00abEst\u00e1n en un per\u00edodo de decisiones y aunque sean dif\u00edciles, hay que atreverse a tomarlas. Si cometen errores, sepan que tambi\u00e9n pueden aprender de ellos\u00bb, se\u00f1al\u00f3.<\/div>\n<\/div>\n<div><\/div>\n<div>*Nota elaborada por Universidad de Los Andes<\/div>\n","protected":false},"excerpt":{"rendered":"<p>La bienvenida la dio el Rector de la Universidad de los Andes, Jos\u00e9 Antonio Guzm\u00e1n, quien se\u00f1al\u00f3 que el objetivo del seminario era ayudar a los estudiantes a \u201creflexionar sobre lo que se les viene por delante, en torno a tres conceptos: liderazgo, emprendimiento e innovaci\u00f3n.\u201d El Rector se refiri\u00f3 a que ellos ser\u00edan los&#8230; <\/p>\n<div class=\"clear\"><\/div>\n<p><a href=\"https:\/\/ciudadanoaustral.org\/web\/2018\/07\/18\/mas-de-mil-alumnos-de-iii-medio-asistieron-al-seminario-vocacional-organizado-por-la-universidad-de-los-andes\/\" class=\"excerpt-read-more\">Read More<\/a><\/p>\n","protected":false},"author":3,"featured_media":4133,"comment_status":"closed","ping_status":"open","sticky":false,"template":"","format":"standard","meta":{"footnotes":""},"categories":[4],"tags":[],"class_list":["post-4131","post","type-post","status-publish","format-standard","has-post-thumbnail","hentry","category-noticias"],"aioseo_notices":[],"_links":{"self":[{"href":"https:\/\/ciudadanoaustral.org\/web\/wp-json\/wp\/v2\/posts\/4131","targetHints":{"allow":["GET"]}}],"collection":[{"href":"https:\/\/ciudadanoaustral.org\/web\/wp-json\/wp\/v2\/posts"}],"about":[{"href":"https:\/\/ciudadanoaustral.org\/web\/wp-json\/wp\/v2\/types\/post"}],"author":[{"embeddable":true,"href":"https:\/\/ciudadanoaustral.org\/web\/wp-json\/wp\/v2\/users\/3"}],"replies":[{"embeddable":true,"href":"https:\/\/ciudadanoaustral.org\/web\/wp-json\/wp\/v2\/comments?post=4131"}],"version-history":[{"count":1,"href":"https:\/\/ciudadanoaustral.org\/web\/wp-json\/wp\/v2\/posts\/4131\/revisions"}],"predecessor-version":[{"id":4134,"href":"https:\/\/ciudadanoaustral.org\/web\/wp-json\/wp\/v2\/posts\/4131\/revisions\/4134"}],"wp:featuredmedia":[{"embeddable":true,"href":"https:\/\/ciudadanoaustral.org\/web\/wp-json\/wp\/v2\/media\/4133"}],"wp:attachment":[{"href":"https:\/\/ciudadanoaustral.org\/web\/wp-json\/wp\/v2\/media?parent=4131"}],"wp:term":[{"taxonomy":"category","embeddable":true,"href":"https:\/\/ciudadanoaustral.org\/web\/wp-json\/wp\/v2\/categories?post=4131"},{"taxonomy":"post_tag","embeddable":true,"href":"https:\/\/ciudadanoaustral.org\/web\/wp-json\/wp\/v2\/tags?post=4131"}],"curies":[{"name":"wp","href":"https:\/\/api.w.org\/{rel}","templated":true}]}}