{"id":4119,"date":"2018-07-05T13:00:19","date_gmt":"2018-07-05T17:00:19","guid":{"rendered":"http:\/\/ciudadanoaustral.org\/web\/?p=4119"},"modified":"2018-07-18T09:56:29","modified_gmt":"2018-07-18T13:56:29","slug":"foro-de-la-libertad-en-latinoamerica-2018","status":"publish","type":"post","link":"https:\/\/ciudadanoaustral.org\/web\/2018\/07\/05\/foro-de-la-libertad-en-latinoamerica-2018\/","title":{"rendered":"Foro de la Libertad en Latinoam\u00e9rica 2018"},"content":{"rendered":"<p><span data-originalfontsize=\"12pt\" data-originalcomputedfontsize=\"16\">En la capital, Santiago de Chile, recientemente se desarroll\u00f3 el Foro de la Libertad, encuentro organizado por la instituci\u00f3n norteamericana Atlas Network y la chilena Fundaci\u00f3n para el Progreso. En dicho evento que se ha titulado como el \u201cMundial de los liberales\u201d los centros de estudios que est\u00e1n influenciando el clima de opini\u00f3n y las pol\u00edticas p\u00fablicas en am\u00e9rica latina compartieron sus experiencias y analizaron el escenario latinoamericano, instancia que cont\u00f3 con la participaci\u00f3n de nuestra fundaci\u00f3n Ciudadano Austral.<\/span><!--more--><\/p>\n<p><span data-originalfontsize=\"12pt\" data-originalcomputedfontsize=\"16\">Una de las tem\u00e1ticas tratadas fue la influencia de las ideas de la libertad sobre la cultura y la educaci\u00f3n. All\u00ed por ejemplo se conoci\u00f3 el caso del trabajo en la cultura desde una perspectiva liberal como la Escuela de Cine de la Universidad Francisco Marroqu\u00edn, que est\u00e1 alumbrando a los primeros cineastas liberales de la regi\u00f3n. As\u00ed tambi\u00e9n hubo discusiones sobre la funci\u00f3n empresarial, preocupaci\u00f3n por el caso venezolano, y tambi\u00e9n sobre la noci\u00f3n de justicia asociada al libre mercado, esta \u00faltima con una conferencia del destacado fil\u00f3sofo pol\u00edtico de la Universidad de Brown, John Tomassi. La educaci\u00f3n es otro pilar donde se debe trabajar, se\u00f1alaron los expertos.\u00a0<em data-removefontsize=\"true\" data-originalcomputedfontsize=\"16\">\u201cTenemos 14 millones de j\u00f3venes para educar en Am\u00e9rica Latina. Tenemos que trabajar sobre eso\u201d<\/em>, se\u00f1al\u00f3 Carlos Montufar, de Universidad San Francisco de Quito, de Ecuador.<\/span><\/p>\n<p><span data-originalfontsize=\"12pt\" data-originalcomputedfontsize=\"16\">Para Axel Kaiser, Director Ejecutivo de Fundaci\u00f3n para el Progreso, la importancia de esta cumbre\u00a0<em data-removefontsize=\"true\" data-originalcomputedfontsize=\"16\">\u201ces un espacio de reflexi\u00f3n que permite a los participantes que vienen de todo Am\u00e9rica desarrollar ideas y estrategias para mantener vibrante el proyecto de esparcir y difundir las ideas de la sociedad libre generando cambios institucionales concretos y en el discurso p\u00fablico desde \u00e1reas tributarias, tecnolog\u00eda, sistemas pol\u00edticos y constitucionales\u201d<\/em>.<\/span><\/p>\n<p><span data-originalfontsize=\"12pt\" data-originalcomputedfontsize=\"16\">Por otro lado Kaiser valora el trabajo de los llamados think tanks (Centros de Estudios) en el escenario p\u00fablico<\/span>\u00a0<em data-originalfontsize=\"12pt\" data-originalcomputedfontsize=\"16\">\u201cson los instrumentos de cambio social y cambio institucional por excelencia. Dado que los medios de comunicaci\u00f3n y las universidades \u2013en general- est\u00e1n tomadas por intelectuales o profesionales que no creen en la sociedad libre. La \u00fanica alternativa que queda en la sociedad civil para contrarrestar ese discurso y abrir puertas pol\u00edticas viables de transformaciones econ\u00f3micas e institucionales son a trav\u00e9s de los think tanks, la esperanza de los pa\u00edses para el progreso social\u201d.<\/em><\/p>\n<p><span data-originalfontsize=\"12pt\" data-originalcomputedfontsize=\"16\">Para Andr\u00e9s Barrientos, Director Ejecutivo de la Fundaci\u00f3n Ciudadano Austral, saca conclusiones sobre el encuentro se\u00f1alando<\/span><em data-originalfontsize=\"12pt\" data-originalcomputedfontsize=\"16\">\u00a0\u00abestamos s\u00faper satisfechos de esta instancia en la que se nos invit\u00f3 a participar (\u2026) dado que hubo importantes expositores para llevar a cabo estrategias para llevar las ideas de la libertad a las personas. Con conferencias de grandes expositores y que permiti\u00f3 establecer nuevas alianzas con otras instituciones latinoamericanas para seguir aprendiendo e incorporando programas en nuestra regi\u00f3n\u00bb<\/em><span data-originalfontsize=\"12pt\" data-originalcomputedfontsize=\"16\">.<\/span><\/p>\n<p><span data-originalfontsize=\"12pt\" data-originalcomputedfontsize=\"16\">El encuentro termin\u00f3 con la entrega del galard\u00f3n del concurso Latin America Think Tank Shark Tank que este a\u00f1o se lo llev\u00f3 la Fundaci\u00f3n Libertad de Argentina, proyecto que da apoyo legal a los trabajadores fuertemente afectados por la prohibici\u00f3n de la ciudad argentina de Rosario de abrir comercios los d\u00edas domingos. Mientras tanto nuestra fundaci\u00f3n junto con el Centro de Estudios Libertarios ya se encuentran programando nuevas actividades en agosto con el destacado escritor peruano H\u00e9ctor \u00d1aupari quien visitar\u00e1 las ciudades de Santiago y Punta Arenas.<\/span><\/p>\n<p>&nbsp;<\/p>\n<p>&nbsp;<\/p>\n","protected":false},"excerpt":{"rendered":"<p>En la capital, Santiago de Chile, recientemente se desarroll\u00f3 el Foro de la Libertad, encuentro organizado por la instituci\u00f3n norteamericana Atlas Network y la chilena Fundaci\u00f3n para el Progreso. En dicho evento que se ha titulado como el \u201cMundial de los liberales\u201d los centros de estudios que est\u00e1n influenciando el clima de opini\u00f3n y las&#8230; <\/p>\n<div class=\"clear\"><\/div>\n<p><a href=\"https:\/\/ciudadanoaustral.org\/web\/2018\/07\/05\/foro-de-la-libertad-en-latinoamerica-2018\/\" class=\"excerpt-read-more\">Read More<\/a><\/p>\n","protected":false},"author":3,"featured_media":4120,"comment_status":"closed","ping_status":"open","sticky":false,"template":"","format":"standard","meta":{"footnotes":""},"categories":[4],"tags":[],"class_list":["post-4119","post","type-post","status-publish","format-standard","has-post-thumbnail","hentry","category-noticias"],"aioseo_notices":[],"_links":{"self":[{"href":"https:\/\/ciudadanoaustral.org\/web\/wp-json\/wp\/v2\/posts\/4119","targetHints":{"allow":["GET"]}}],"collection":[{"href":"https:\/\/ciudadanoaustral.org\/web\/wp-json\/wp\/v2\/posts"}],"about":[{"href":"https:\/\/ciudadanoaustral.org\/web\/wp-json\/wp\/v2\/types\/post"}],"author":[{"embeddable":true,"href":"https:\/\/ciudadanoaustral.org\/web\/wp-json\/wp\/v2\/users\/3"}],"replies":[{"embeddable":true,"href":"https:\/\/ciudadanoaustral.org\/web\/wp-json\/wp\/v2\/comments?post=4119"}],"version-history":[{"count":1,"href":"https:\/\/ciudadanoaustral.org\/web\/wp-json\/wp\/v2\/posts\/4119\/revisions"}],"predecessor-version":[{"id":4121,"href":"https:\/\/ciudadanoaustral.org\/web\/wp-json\/wp\/v2\/posts\/4119\/revisions\/4121"}],"wp:featuredmedia":[{"embeddable":true,"href":"https:\/\/ciudadanoaustral.org\/web\/wp-json\/wp\/v2\/media\/4120"}],"wp:attachment":[{"href":"https:\/\/ciudadanoaustral.org\/web\/wp-json\/wp\/v2\/media?parent=4119"}],"wp:term":[{"taxonomy":"category","embeddable":true,"href":"https:\/\/ciudadanoaustral.org\/web\/wp-json\/wp\/v2\/categories?post=4119"},{"taxonomy":"post_tag","embeddable":true,"href":"https:\/\/ciudadanoaustral.org\/web\/wp-json\/wp\/v2\/tags?post=4119"}],"curies":[{"name":"wp","href":"https:\/\/api.w.org\/{rel}","templated":true}]}}