{"id":4093,"date":"2018-04-05T22:49:36","date_gmt":"2018-04-06T02:49:36","guid":{"rendered":"http:\/\/ciudadanoaustral.org\/web\/?p=4093"},"modified":"2018-04-23T10:50:26","modified_gmt":"2018-04-23T14:50:26","slug":"integrantes-de-ciudadano-austral-asisten-a-misa-de-conmemoracion-del-asesinato-del-ex-senador-guzman","status":"publish","type":"post","link":"https:\/\/ciudadanoaustral.org\/web\/2018\/04\/05\/integrantes-de-ciudadano-austral-asisten-a-misa-de-conmemoracion-del-asesinato-del-ex-senador-guzman\/","title":{"rendered":"Integrantes de Ciudadano Austral asisten a Misa de Conmemoraci\u00f3n del asesinato del ex Senador Guzm\u00e1n"},"content":{"rendered":"<p>El pasado 2 de abril, integrantes de nuestra fundaci\u00f3n asistieron a la misa en conmemoraci\u00f3n del asesinato del ex Senador y fundador del gremialismo, Jaime Guzm\u00e1n Err\u00e1zuriz, donde tambi\u00e9n asistieron altas autoridades de gobierno, miembros de organizaciones civiles y dirigentes pol\u00edticos para conmemoraron la vida del influyente pol\u00edtico cuya trayectoria aport\u00f3 en cimentar los pilares institucionales de una sociedad de libertades.<!--more--><\/p>\n<p>El padre Ra\u00fal Astaburuaga record\u00f3 el esp\u00edritu y memoria de Jaime Guzm\u00e1n, realizando a la vez un profundo llamado a los servidores p\u00fablicos para trabajar en avanzar hacia una sociedad en donde predomine el cristianismo y la dignidad humana, se\u00f1alando \u201cel hombre puede construir un mundo sin Dios, pero este mundo acabar\u00e1 por volverse contra el hombre\u201d, citando palabras de San Juan Pablo II en su visita a Chile hace 30 a\u00f1os.<\/p>\n","protected":false},"excerpt":{"rendered":"<p>El pasado 2 de abril, integrantes de nuestra fundaci\u00f3n asistieron a la misa en conmemoraci\u00f3n del asesinato del ex Senador y fundador del gremialismo, Jaime Guzm\u00e1n Err\u00e1zuriz, donde tambi\u00e9n asistieron altas autoridades de gobierno, miembros de organizaciones civiles y dirigentes pol\u00edticos para conmemoraron la vida del influyente pol\u00edtico cuya trayectoria aport\u00f3 en cimentar los pilares&#8230; <\/p>\n<div class=\"clear\"><\/div>\n<p><a href=\"https:\/\/ciudadanoaustral.org\/web\/2018\/04\/05\/integrantes-de-ciudadano-austral-asisten-a-misa-de-conmemoracion-del-asesinato-del-ex-senador-guzman\/\" class=\"excerpt-read-more\">Read More<\/a><\/p>\n","protected":false},"author":3,"featured_media":4094,"comment_status":"closed","ping_status":"open","sticky":false,"template":"","format":"standard","meta":{"footnotes":""},"categories":[4],"tags":[],"class_list":["post-4093","post","type-post","status-publish","format-standard","has-post-thumbnail","hentry","category-noticias"],"aioseo_notices":[],"_links":{"self":[{"href":"https:\/\/ciudadanoaustral.org\/web\/wp-json\/wp\/v2\/posts\/4093","targetHints":{"allow":["GET"]}}],"collection":[{"href":"https:\/\/ciudadanoaustral.org\/web\/wp-json\/wp\/v2\/posts"}],"about":[{"href":"https:\/\/ciudadanoaustral.org\/web\/wp-json\/wp\/v2\/types\/post"}],"author":[{"embeddable":true,"href":"https:\/\/ciudadanoaustral.org\/web\/wp-json\/wp\/v2\/users\/3"}],"replies":[{"embeddable":true,"href":"https:\/\/ciudadanoaustral.org\/web\/wp-json\/wp\/v2\/comments?post=4093"}],"version-history":[{"count":1,"href":"https:\/\/ciudadanoaustral.org\/web\/wp-json\/wp\/v2\/posts\/4093\/revisions"}],"predecessor-version":[{"id":4095,"href":"https:\/\/ciudadanoaustral.org\/web\/wp-json\/wp\/v2\/posts\/4093\/revisions\/4095"}],"wp:featuredmedia":[{"embeddable":true,"href":"https:\/\/ciudadanoaustral.org\/web\/wp-json\/wp\/v2\/media\/4094"}],"wp:attachment":[{"href":"https:\/\/ciudadanoaustral.org\/web\/wp-json\/wp\/v2\/media?parent=4093"}],"wp:term":[{"taxonomy":"category","embeddable":true,"href":"https:\/\/ciudadanoaustral.org\/web\/wp-json\/wp\/v2\/categories?post=4093"},{"taxonomy":"post_tag","embeddable":true,"href":"https:\/\/ciudadanoaustral.org\/web\/wp-json\/wp\/v2\/tags?post=4093"}],"curies":[{"name":"wp","href":"https:\/\/api.w.org\/{rel}","templated":true}]}}