{"id":4079,"date":"2018-01-26T21:28:15","date_gmt":"2018-01-27T01:28:15","guid":{"rendered":"http:\/\/ciudadanoaustral.org\/web\/?p=4079"},"modified":"2018-04-23T10:50:41","modified_gmt":"2018-04-23T14:50:41","slug":"cumbre-austral-exitosa-jornada-en-puerto-varas","status":"publish","type":"post","link":"https:\/\/ciudadanoaustral.org\/web\/2018\/01\/26\/cumbre-austral-exitosa-jornada-en-puerto-varas\/","title":{"rendered":"Cumbre Austral: Exitosa jornada en Puerto Varas"},"content":{"rendered":"<p>En la ciudad de Puerto Varas culmin\u00f3 con \u00e9xito la Cumbre Austral, seminario co-organizado por las Fundaciones Jaime Guzm\u00e1n y Ciudadano Austral, la que abord\u00f3 la importancia de los centros de estudios en el proceso de formulaci\u00f3n de pol\u00edticas p\u00fablicas, as\u00ed como tambi\u00e9n los desaf\u00edos futuros en el marco del nuevo gobierno del Presidente electo Sebasti\u00e1n Pi\u00f1era.<!--more--><\/p>\n<p>La jornada tuvo como expositores a Claudio Arqueros, quien se desempe\u00f1a como Director de Formaci\u00f3n de la Fundaci\u00f3n Jaime Guzm\u00e1n, as\u00ed como tambi\u00e9n Consejero Acad\u00e9mico de Ciudadano Austral quien expuso, acerca de \u201clos desaf\u00edos socio-pol\u00edticos\u201d para el futuro gobierno. Luego intervino Andr\u00e9s Barrientos, Director Ejecutivo de la instituci\u00f3n sure\u00f1a el cual present\u00f3 el \u00cdndice de Libertad Econ\u00f3mica de Fraser \u2013 Cato Institute y la relaci\u00f3n entre Libertad Econ\u00f3mica y Progreso Humano.<\/p>\n<p>La primera parte culmin\u00f3 con una revisi\u00f3n del programa de gobierno del Presidente electo Sebasti\u00e1n Pi\u00f1era, a cargo de Javier Silva, Gestor de Desarrollo y Proyectos de Ciudadano Austral, quien hizo un repaso por los principales hitos del documento de 194 p\u00e1ginas y las oportunidades que en \u00e9l se vislumbran para la promoci\u00f3n y defensa de la libertad.<\/p>\n<p>El cierre de la actividad cont\u00f3 con la presencia del Diputado electo por el Distrito 26, Carlos Ignacio Kuschel (RN) en un conversatorio con los asistentes sobre la agenda legislativa del futuro gobierno.<\/p>\n<p>Para Barrientos, los centros de estudios o think tanks cada d\u00eda est\u00e1n tomando m\u00e1s protagonismo en el Latinoam\u00e9rica y en el pa\u00eds. Adem\u00e1s de \u00abentender que el Chile de hoy es est\u00e1 compuesto por individuos m\u00e1s informados y que desconf\u00edan de los partidos pol\u00edticos tradicionales, dada la fragmentaci\u00f3n pol\u00edtica que va en aumento. En este sentido, declara que \u00ablos centros de estudios permiten articular los intereses de la ciudadan\u00eda con los partidos pol\u00edticos y tomadores de decisi\u00f3n\u00bb.<\/p>\n<p>De esta forma, Ciudadano Austral comienza el a\u00f1o con actividades centradas en la difusi\u00f3n de ideas que incumben a la sociedad civil libre.<\/p>\n","protected":false},"excerpt":{"rendered":"<p>En la ciudad de Puerto Varas culmin\u00f3 con \u00e9xito la Cumbre Austral, seminario co-organizado por las Fundaciones Jaime Guzm\u00e1n y Ciudadano Austral, la que abord\u00f3 la importancia de los centros de estudios en el proceso de formulaci\u00f3n de pol\u00edticas p\u00fablicas, as\u00ed como tambi\u00e9n los desaf\u00edos futuros en el marco del nuevo gobierno del Presidente electo&#8230; <\/p>\n<div class=\"clear\"><\/div>\n<p><a href=\"https:\/\/ciudadanoaustral.org\/web\/2018\/01\/26\/cumbre-austral-exitosa-jornada-en-puerto-varas\/\" class=\"excerpt-read-more\">Read More<\/a><\/p>\n","protected":false},"author":3,"featured_media":4080,"comment_status":"closed","ping_status":"open","sticky":false,"template":"","format":"standard","meta":{"footnotes":""},"categories":[4],"tags":[],"class_list":["post-4079","post","type-post","status-publish","format-standard","has-post-thumbnail","hentry","category-noticias"],"aioseo_notices":[],"_links":{"self":[{"href":"https:\/\/ciudadanoaustral.org\/web\/wp-json\/wp\/v2\/posts\/4079","targetHints":{"allow":["GET"]}}],"collection":[{"href":"https:\/\/ciudadanoaustral.org\/web\/wp-json\/wp\/v2\/posts"}],"about":[{"href":"https:\/\/ciudadanoaustral.org\/web\/wp-json\/wp\/v2\/types\/post"}],"author":[{"embeddable":true,"href":"https:\/\/ciudadanoaustral.org\/web\/wp-json\/wp\/v2\/users\/3"}],"replies":[{"embeddable":true,"href":"https:\/\/ciudadanoaustral.org\/web\/wp-json\/wp\/v2\/comments?post=4079"}],"version-history":[{"count":1,"href":"https:\/\/ciudadanoaustral.org\/web\/wp-json\/wp\/v2\/posts\/4079\/revisions"}],"predecessor-version":[{"id":4081,"href":"https:\/\/ciudadanoaustral.org\/web\/wp-json\/wp\/v2\/posts\/4079\/revisions\/4081"}],"wp:featuredmedia":[{"embeddable":true,"href":"https:\/\/ciudadanoaustral.org\/web\/wp-json\/wp\/v2\/media\/4080"}],"wp:attachment":[{"href":"https:\/\/ciudadanoaustral.org\/web\/wp-json\/wp\/v2\/media?parent=4079"}],"wp:term":[{"taxonomy":"category","embeddable":true,"href":"https:\/\/ciudadanoaustral.org\/web\/wp-json\/wp\/v2\/categories?post=4079"},{"taxonomy":"post_tag","embeddable":true,"href":"https:\/\/ciudadanoaustral.org\/web\/wp-json\/wp\/v2\/tags?post=4079"}],"curies":[{"name":"wp","href":"https:\/\/api.w.org\/{rel}","templated":true}]}}