{"id":4066,"date":"2017-12-21T17:05:38","date_gmt":"2017-12-21T21:05:38","guid":{"rendered":"http:\/\/ciudadanoaustral.org\/web\/?p=4066"},"modified":"2017-12-28T15:12:17","modified_gmt":"2017-12-28T19:12:17","slug":"director-ejecutivo-de-fundacion-ciudadano-austral-elegido-dentro-de-los-100-lideres-jovenes-2017","status":"publish","type":"post","link":"https:\/\/ciudadanoaustral.org\/web\/2017\/12\/21\/director-ejecutivo-de-fundacion-ciudadano-austral-elegido-dentro-de-los-100-lideres-jovenes-2017\/","title":{"rendered":"Director Ejecutivo de Fundaci\u00f3n Ciudadano Austral elegido dentro de los 100 l\u00edderes j\u00f3venes 2017"},"content":{"rendered":"<div>\n<div><b>Andr\u00e9s Barrientos C\u00e1rdenas,\u00a0<\/b>castre\u00f1o,\u00a0Ingeniero Civil y Becario de Mag\u00edster en Gesti\u00f3n de Gobierno, quien se desempe\u00f1a como Director Ejecutivo nuestra instituci\u00f3n y ex pre candidato a Diputado por el Distrito 26. Se ha desempe\u00f1ado como columnista y conferencista internacional. Sus an\u00e1lisis de actualidad han sido publicados en diarios de influencia nacional como El Mercurio, La Segunda, diarios electr\u00f3nicos como El L\u00edbero o El D\u00ednamo, as\u00ed tambi\u00e9n cuenta con espacios permanentes en El Insular y La Estrella de Chilo\u00e9. Sus hobbies m\u00e1s importantes, aparte de la libertad seg\u00fan indica son la m\u00fasica y el andinismo.<\/div>\n<p><!--more--><\/p>\n<div>En medios televisivos cuenta con apariciones en se\u00f1al internacional NTN24, CNN Chile, TV\u00a0<span class=\"m_5842850196264526924gmail-m_5131225909995817460gmail-m_2087814734792195665gmail-il\">Bio<\/span>\u00a0<span class=\"m_5842850196264526924gmail-m_5131225909995817460gmail-m_2087814734792195665gmail-il\">Bio<\/span>\u00a0y ha participado como panelista en diversos programas de discusi\u00f3n. El 2015 fue seleccionado uno de los 50 j\u00f3venes l\u00edderes de la regi\u00f3n de Los Lagos por el\u00a0<i>Diario El Llanquihue<\/i>\u00a0y recientemente como uno de los 100 J\u00f3venes L\u00edderes de\u00a0<i>El Mercurio &#8211; UAI<\/i>. Mediante su direcci\u00f3n logr\u00f3 posicionar junto al equipo a Ciudadano Austral como\u00a0el 2\u00b0 mejor nuevo think tank\u00a0<span class=\"m_5842850196264526924gmail-m_5131225909995817460gmail-m_2087814734792195665gmail-il\">de<\/span>\u00a0latinoam\u00e9rica seg\u00fan ranking de la\u00a0<span class=\"m_5842850196264526924gmail-m_5131225909995817460gmail-m_2087814734792195665gmail-il\">Universidad<\/span>\u00a0<span class=\"m_5842850196264526924gmail-m_5131225909995817460gmail-m_2087814734792195665gmail-il\">de<\/span>\u00a0<span class=\"m_5842850196264526924gmail-m_5131225909995817460gmail-m_2087814734792195665gmail-il\">Pensilvania<\/span>\u00a0<wbr \/>y actualmente se logr\u00f3 ingresar a Red Liberal\u00a0<span class=\"m_5842850196264526924gmail-m_5131225909995817460gmail-m_2087814734792195665gmail-il\">de<\/span>\u00a0Am\u00e9rica Latina junto con Libertad y Desarrollo y Fundaci\u00f3n para el Progreso, siendo la tercera instituci\u00f3n chilena en dicha instancia.<\/div>\n<\/div>\n<div><\/div>\n<div>Seg\u00fan declara:\u00a0<i>\u00abm\u00e1s que un logro personal, es un reconocimiento al gran trabajo en equipo que hemos logrado con gran esfuerzo entorno a las actividades que hemos realizado, promoviendo los principios y valores de la libertad en lugares donde nunca antes hab\u00edan llegado estas ideas. En el Chile de hoy los enemigos de la libertad han aumentado y han ingresado muchos de ellos al Congreso, el trabajo de hormiga de los centros de estudio en esto ser\u00e1n clave para los desaf\u00edos del futuro.\u00bb<\/i><\/div>\n<div><\/div>\n<div>Link El Mercurio:<a href=\"http:\/\/impresa.elmercurio.com\/Pages\/NewsDetail.aspx?dt=2017-12-16&amp;dtB=17-12-2017%200:00:00&amp;PaginaId=46&amp;SupplementId=1&amp;bodyid=0\" target=\"_blank\" rel=\"noopener\" data-saferedirecturl=\"https:\/\/www.google.com\/url?hl=es&amp;q=http:\/\/impresa.elmercurio.com\/Pages\/NewsDetail.aspx?dt%3D2017-12-16%26dtB%3D17-12-2017%25200:00:00%26PaginaId%3D46%26SupplementId%3D1%26bodyid%3D0&amp;source=gmail&amp;ust=1513976624187000&amp;usg=AFQjCNFfjluhpMNJkv3He3Pc_HaP-ZhfIA\">\u00a0http:\/\/impresa.<wbr \/>elmercurio.com\/Pages\/<wbr \/>NewsDetail.aspx?dt=2017-12-16&amp;<wbr \/>dtB=17-12-2017%200:00:00&amp;<wbr \/>PaginaId=46&amp;SupplementId=1&amp;<wbr \/>bodyid=0<\/a><\/div>\n<div><\/div>\n<div>Link La Estrella de Chilo\u00e9:\u00a0<a href=\"http:\/\/www.laestrellachiloe.cl\/impresa\/2017\/12\/16\/full\/cuerpo-principal\/7\/\" target=\"_blank\" rel=\"noopener\" data-saferedirecturl=\"https:\/\/www.google.com\/url?hl=es&amp;q=http:\/\/www.laestrellachiloe.cl\/impresa\/2017\/12\/16\/full\/cuerpo-principal\/7\/&amp;source=gmail&amp;ust=1513976624187000&amp;usg=AFQjCNFmGyaB_cCnYd3_LvMJD8gF3SPPcw\">http:\/\/www.<wbr \/>laestrellachiloe.cl\/impresa\/<wbr \/>2017\/12\/16\/full\/cuerpo-<wbr \/>principal\/7\/<\/a><\/div>\n","protected":false},"excerpt":{"rendered":"<p>Andr\u00e9s Barrientos C\u00e1rdenas,\u00a0castre\u00f1o,\u00a0Ingeniero Civil y Becario de Mag\u00edster en Gesti\u00f3n de Gobierno, quien se desempe\u00f1a como Director Ejecutivo nuestra instituci\u00f3n y ex pre candidato a Diputado por el Distrito 26. Se ha desempe\u00f1ado como columnista y conferencista internacional. Sus an\u00e1lisis de actualidad han sido publicados en diarios de influencia nacional como El Mercurio, La Segunda,&#8230; <\/p>\n<div class=\"clear\"><\/div>\n<p><a href=\"https:\/\/ciudadanoaustral.org\/web\/2017\/12\/21\/director-ejecutivo-de-fundacion-ciudadano-austral-elegido-dentro-de-los-100-lideres-jovenes-2017\/\" class=\"excerpt-read-more\">Read More<\/a><\/p>\n","protected":false},"author":3,"featured_media":4067,"comment_status":"closed","ping_status":"open","sticky":false,"template":"","format":"standard","meta":{"footnotes":""},"categories":[4],"tags":[],"class_list":["post-4066","post","type-post","status-publish","format-standard","has-post-thumbnail","hentry","category-noticias"],"aioseo_notices":[],"_links":{"self":[{"href":"https:\/\/ciudadanoaustral.org\/web\/wp-json\/wp\/v2\/posts\/4066","targetHints":{"allow":["GET"]}}],"collection":[{"href":"https:\/\/ciudadanoaustral.org\/web\/wp-json\/wp\/v2\/posts"}],"about":[{"href":"https:\/\/ciudadanoaustral.org\/web\/wp-json\/wp\/v2\/types\/post"}],"author":[{"embeddable":true,"href":"https:\/\/ciudadanoaustral.org\/web\/wp-json\/wp\/v2\/users\/3"}],"replies":[{"embeddable":true,"href":"https:\/\/ciudadanoaustral.org\/web\/wp-json\/wp\/v2\/comments?post=4066"}],"version-history":[{"count":1,"href":"https:\/\/ciudadanoaustral.org\/web\/wp-json\/wp\/v2\/posts\/4066\/revisions"}],"predecessor-version":[{"id":4068,"href":"https:\/\/ciudadanoaustral.org\/web\/wp-json\/wp\/v2\/posts\/4066\/revisions\/4068"}],"wp:featuredmedia":[{"embeddable":true,"href":"https:\/\/ciudadanoaustral.org\/web\/wp-json\/wp\/v2\/media\/4067"}],"wp:attachment":[{"href":"https:\/\/ciudadanoaustral.org\/web\/wp-json\/wp\/v2\/media?parent=4066"}],"wp:term":[{"taxonomy":"category","embeddable":true,"href":"https:\/\/ciudadanoaustral.org\/web\/wp-json\/wp\/v2\/categories?post=4066"},{"taxonomy":"post_tag","embeddable":true,"href":"https:\/\/ciudadanoaustral.org\/web\/wp-json\/wp\/v2\/tags?post=4066"}],"curies":[{"name":"wp","href":"https:\/\/api.w.org\/{rel}","templated":true}]}}