{"id":4046,"date":"2017-11-27T09:21:27","date_gmt":"2017-11-27T13:21:27","guid":{"rendered":"http:\/\/ciudadanoaustral.org\/web\/?p=4046"},"modified":"2017-12-13T18:07:17","modified_gmt":"2017-12-13T22:07:17","slug":"javier-silva-este-libro-esta-escrito-para-la-derecha-acomplejada","status":"publish","type":"post","link":"https:\/\/ciudadanoaustral.org\/web\/2017\/11\/27\/javier-silva-este-libro-esta-escrito-para-la-derecha-acomplejada\/","title":{"rendered":"Javier Silva: \u00abEste libro est\u00e1 escrito para la derecha acomplejada\u00bb"},"content":{"rendered":"<p>El Gestor de Desarrollo y Proyectos, Javier Silva Salas, present\u00f3 \u201cLa Constituci\u00f3n Liberal de Guzm\u00e1n. Chile 1973-1980\u201d en la Feria del Libro de Castro el pasado 22 de noviembre.<!--more--><\/p>\n<p>En dicha instancia, Silva afirm\u00f3 que su libro est\u00e1 enmarcado en buscar que la derecha en Chile y en la regi\u00f3n reflexione en base a sus principios para orientar su accionar pol\u00edtico, \u201cla visi\u00f3n religiosa de Guzm\u00e1n no era un determinante al momento de generar un pensamiento pol\u00edtico. Lo que propone Guzm\u00e1n es anterior a la Doctrina Social de la Iglesia porque adem\u00e1s existe como verdad evidente que el hombre tiene vida, libertad y propiedad, y estos son anteriores al Estado y e inclusive la Iglesia\u201d.<\/p>\n<p>Finalmente Javier hizo un llamado a la formaci\u00f3n y acci\u00f3n pol\u00edtica en base a principios, valores e ideas se\u00f1alando \u201cEste libro est\u00e1 escrito para la derecha acomplejada, ya que la llamada &#8216;centro derecha&#8217;, no escribe de historia, no reflexiona sobre la filosof\u00eda que sustenta sus pol\u00edticas ni menos se pregunta si la Constituci\u00f3n que se aprob\u00f3 democr\u00e1ticamente en 1980 y se ratific\u00f3 en julio de 1989 tiene los elementos para proteger a las personas del abuso del poder del estado y la burocracia\u201d.<\/p>\n<p>El libro \u00abLa Constituci\u00f3n Liberal de Guzm\u00e1n\u00bb, que ha sido presentado en Santiago, Temuco, Valdivia y Chilo\u00e9 puede ser adquirido consultando v\u00eda correo electr\u00f3nico en sumate@ciudadanoaustral.org.<\/p>\n","protected":false},"excerpt":{"rendered":"<p>El Gestor de Desarrollo y Proyectos, Javier Silva Salas, present\u00f3 \u201cLa Constituci\u00f3n Liberal de Guzm\u00e1n. Chile 1973-1980\u201d en la Feria del Libro de Castro el pasado 22 de noviembre.<\/p>\n","protected":false},"author":3,"featured_media":4048,"comment_status":"closed","ping_status":"open","sticky":false,"template":"","format":"standard","meta":{"footnotes":""},"categories":[4],"tags":[],"class_list":["post-4046","post","type-post","status-publish","format-standard","has-post-thumbnail","hentry","category-noticias"],"aioseo_notices":[],"_links":{"self":[{"href":"https:\/\/ciudadanoaustral.org\/web\/wp-json\/wp\/v2\/posts\/4046","targetHints":{"allow":["GET"]}}],"collection":[{"href":"https:\/\/ciudadanoaustral.org\/web\/wp-json\/wp\/v2\/posts"}],"about":[{"href":"https:\/\/ciudadanoaustral.org\/web\/wp-json\/wp\/v2\/types\/post"}],"author":[{"embeddable":true,"href":"https:\/\/ciudadanoaustral.org\/web\/wp-json\/wp\/v2\/users\/3"}],"replies":[{"embeddable":true,"href":"https:\/\/ciudadanoaustral.org\/web\/wp-json\/wp\/v2\/comments?post=4046"}],"version-history":[{"count":1,"href":"https:\/\/ciudadanoaustral.org\/web\/wp-json\/wp\/v2\/posts\/4046\/revisions"}],"predecessor-version":[{"id":4049,"href":"https:\/\/ciudadanoaustral.org\/web\/wp-json\/wp\/v2\/posts\/4046\/revisions\/4049"}],"wp:featuredmedia":[{"embeddable":true,"href":"https:\/\/ciudadanoaustral.org\/web\/wp-json\/wp\/v2\/media\/4048"}],"wp:attachment":[{"href":"https:\/\/ciudadanoaustral.org\/web\/wp-json\/wp\/v2\/media?parent=4046"}],"wp:term":[{"taxonomy":"category","embeddable":true,"href":"https:\/\/ciudadanoaustral.org\/web\/wp-json\/wp\/v2\/categories?post=4046"},{"taxonomy":"post_tag","embeddable":true,"href":"https:\/\/ciudadanoaustral.org\/web\/wp-json\/wp\/v2\/tags?post=4046"}],"curies":[{"name":"wp","href":"https:\/\/api.w.org\/{rel}","templated":true}]}}