{"id":4027,"date":"2017-08-15T18:06:39","date_gmt":"2017-08-15T22:06:39","guid":{"rendered":"http:\/\/ciudadanoaustral.org\/web\/?p=4027"},"modified":"2017-12-13T18:07:04","modified_gmt":"2017-12-13T22:07:04","slug":"fundacion-ciudadano-austral-defendera-ante-el-tribunal-constitucional-postura-contra-el-aborto","status":"publish","type":"post","link":"https:\/\/ciudadanoaustral.org\/web\/2017\/08\/15\/fundacion-ciudadano-austral-defendera-ante-el-tribunal-constitucional-postura-contra-el-aborto\/","title":{"rendered":"Fundaci\u00f3n Ciudadano Austral defender\u00e1 ante el Tribunal Constitucional postura contra el aborto"},"content":{"rendered":"<p>La fundaci\u00f3n sure\u00f1a Ciudadano Austral concurrir\u00e1 al Tribunal Constitucional donde argumentar\u00e1 que el no nacido tiene derecho a la vida y este est\u00e1 protegido por la Constituci\u00f3n.<\/p>\n<p>Desde sus inicios la instituci\u00f3n se ha manifestado a favor del derecho a la vida, lo que implica seg\u00fan Andr\u00e9s Barrientos, director ejecutivo de Ciudadano Austral, \u00abdefenderla en todas las instancias\u00bb. Adem\u00e1s se\u00f1al\u00f3 que: \u00abNuestra instituci\u00f3n tiene en sus principios la defensa del ser humano desde la concepci\u00f3n hasta la muerte natural. Es por ello que presentamos una solicitud de audiencia para presentar ante el Tribunal Constitucional nuestra postura respecto al proyecto de aborto en tres causales que a todas luces es inconstitucional.\u00bb<\/p>\n<p>Adem\u00e1s, el ingeniero a\u00f1ade que \u00abEs una enorme responsabilidad ser la \u00fanica instituci\u00f3n de nuestras tierras australes presentando ante el Tribunal Constitucional esta solicitud. Consideramos que es un compromiso moral y hoy m\u00e1s que nunca debemos levantar la voz y hacer todo lo posible para que este proyecto sea frenado, porque es un mal proyecto para el futuro de Chile.\u00bb<\/p>\n<p>Andr\u00e9s Barrientos representar\u00e1 a la fundaci\u00f3n mientras que Cecilia Goity Falconi ser\u00e1 la encargada de realizar la vocer\u00eda durante la audiencia, cuya fecha est\u00e1 agendada para el d\u00eda jueves 17 pasadas las 18 horas.<\/p>\n<p>Expondr\u00e1n tambi\u00e9n ante el Tribunal Constitucional el destacado Dr. Jorge Becker, el acad\u00e9mico Elard Koch de Melisa Institute, el abogado Fernando Atria y los candidatos presidenciales Beatriz S\u00e1nchez (FA) y Jos\u00e9 Antonio Kast (IND).<\/p>\n","protected":false},"excerpt":{"rendered":"<p>La fundaci\u00f3n sure\u00f1a Ciudadano Austral concurrir\u00e1 al Tribunal Constitucional donde argumentar\u00e1 que el no nacido tiene derecho a la vida y este est\u00e1 protegido por la Constituci\u00f3n. Desde sus inicios la instituci\u00f3n se ha manifestado a favor del derecho a la vida, lo que implica seg\u00fan Andr\u00e9s Barrientos, director ejecutivo de Ciudadano Austral, \u00abdefenderla en&#8230; <\/p>\n<div class=\"clear\"><\/div>\n<p><a href=\"https:\/\/ciudadanoaustral.org\/web\/2017\/08\/15\/fundacion-ciudadano-austral-defendera-ante-el-tribunal-constitucional-postura-contra-el-aborto\/\" class=\"excerpt-read-more\">Read More<\/a><\/p>\n","protected":false},"author":3,"featured_media":4028,"comment_status":"closed","ping_status":"open","sticky":false,"template":"","format":"standard","meta":{"footnotes":""},"categories":[4],"tags":[],"class_list":["post-4027","post","type-post","status-publish","format-standard","has-post-thumbnail","hentry","category-noticias"],"aioseo_notices":[],"_links":{"self":[{"href":"https:\/\/ciudadanoaustral.org\/web\/wp-json\/wp\/v2\/posts\/4027","targetHints":{"allow":["GET"]}}],"collection":[{"href":"https:\/\/ciudadanoaustral.org\/web\/wp-json\/wp\/v2\/posts"}],"about":[{"href":"https:\/\/ciudadanoaustral.org\/web\/wp-json\/wp\/v2\/types\/post"}],"author":[{"embeddable":true,"href":"https:\/\/ciudadanoaustral.org\/web\/wp-json\/wp\/v2\/users\/3"}],"replies":[{"embeddable":true,"href":"https:\/\/ciudadanoaustral.org\/web\/wp-json\/wp\/v2\/comments?post=4027"}],"version-history":[{"count":1,"href":"https:\/\/ciudadanoaustral.org\/web\/wp-json\/wp\/v2\/posts\/4027\/revisions"}],"predecessor-version":[{"id":4029,"href":"https:\/\/ciudadanoaustral.org\/web\/wp-json\/wp\/v2\/posts\/4027\/revisions\/4029"}],"wp:featuredmedia":[{"embeddable":true,"href":"https:\/\/ciudadanoaustral.org\/web\/wp-json\/wp\/v2\/media\/4028"}],"wp:attachment":[{"href":"https:\/\/ciudadanoaustral.org\/web\/wp-json\/wp\/v2\/media?parent=4027"}],"wp:term":[{"taxonomy":"category","embeddable":true,"href":"https:\/\/ciudadanoaustral.org\/web\/wp-json\/wp\/v2\/categories?post=4027"},{"taxonomy":"post_tag","embeddable":true,"href":"https:\/\/ciudadanoaustral.org\/web\/wp-json\/wp\/v2\/tags?post=4027"}],"curies":[{"name":"wp","href":"https:\/\/api.w.org\/{rel}","templated":true}]}}