{"id":4017,"date":"2017-08-10T13:57:56","date_gmt":"2017-08-10T17:57:56","guid":{"rendered":"http:\/\/ciudadanoaustral.org\/web\/?p=4017"},"modified":"2017-12-13T18:07:00","modified_gmt":"2017-12-13T22:07:00","slug":"andres-barrientos-cardenas-participa-en-ufpp","status":"publish","type":"post","link":"https:\/\/ciudadanoaustral.org\/web\/2017\/08\/10\/andres-barrientos-cardenas-participa-en-ufpp\/","title":{"rendered":"Andr\u00e9s Barrientos C\u00e1rdenas participa en U.FPP"},"content":{"rendered":"<p>El Director Ejecutivo de Fundaci\u00f3n Ciudadano Austral, Andr\u00e9s Barrientos C\u00e1rdenas, particip\u00f3 en el seminario internacional \u201cU. FPP Prosperidad y progreso en Am\u00e9rica Latina 2017\u201d, organizado por la Fundaci\u00f3n para el Progreso en la ciudad de Santa Cruz, en la Regi\u00f3n del Libertador General Bernardo O&#8217;Higgins.<\/p>\n<p>Dicho encuentro convoc\u00f3 a j\u00f3venes l\u00edderes, acad\u00e9micos, pol\u00edticos y empresarios hispanoamericanos para aprender y discutir sobre los fundamentos, experiencias e ideas que sustentan una sociedad libre. En su versi\u00f3n 2017 tuvo una convocatoria con m\u00e1s de 66 asistentes.<\/p>\n<p>Andr\u00e9s Barrientos en dicha instancia aprovech\u00f3 de hacer un llamado a los j\u00f3venes y a los directores de think tanks chilenos a \u201ctomar la responsabilidad moral que nos invoca la promoci\u00f3n y defensa de la libertad, porque los desaf\u00edos del siglo XXI nos presentan una nueva izquierda con nuevos adornos para captar a las personas, suprimir sus libertades individuales\u201d.<\/p>\n<p>La actividad cont\u00f3 con t\u00f3picos interesantes en la discusi\u00f3n p\u00fablica en Hispanoam\u00e9rica, tales como: \u201c\u00bfQu\u00e9 es la Prosperidad?\u201d, \u201c\u00bfCu\u00e1les son las claves para la prosperidad?\u201d, \u201cAm\u00e9rica Latina hoy\u201d y \u201cDesaf\u00edos actuales\u201d. Cada una de las ponencias fue desarrollada por diversos profesores, tanto nacionales como extranjeros, destacando el testimonio sobre la cr\u00edtica situaci\u00f3n en Venezuela, el insigne Diego Arria, ex ministro, ex gobernador y ex diplom\u00e1tico venezolano.<\/p>\n<p>&nbsp;<\/p>\n<p>&nbsp;<\/p>\n","protected":false},"excerpt":{"rendered":"<p>El Director Ejecutivo de Fundaci\u00f3n Ciudadano Austral, Andr\u00e9s Barrientos C\u00e1rdenas, particip\u00f3 en el seminario internacional \u201cU. FPP Prosperidad y progreso en Am\u00e9rica Latina 2017\u201d, organizado por la Fundaci\u00f3n para el Progreso en la ciudad de Santa Cruz, en la Regi\u00f3n del Libertador General Bernardo O&#8217;Higgins. Dicho encuentro convoc\u00f3 a j\u00f3venes l\u00edderes, acad\u00e9micos, pol\u00edticos y empresarios&#8230; <\/p>\n<div class=\"clear\"><\/div>\n<p><a href=\"https:\/\/ciudadanoaustral.org\/web\/2017\/08\/10\/andres-barrientos-cardenas-participa-en-ufpp\/\" class=\"excerpt-read-more\">Read More<\/a><\/p>\n","protected":false},"author":3,"featured_media":4018,"comment_status":"closed","ping_status":"open","sticky":false,"template":"","format":"standard","meta":{"footnotes":""},"categories":[4],"tags":[],"class_list":["post-4017","post","type-post","status-publish","format-standard","has-post-thumbnail","hentry","category-noticias"],"aioseo_notices":[],"_links":{"self":[{"href":"https:\/\/ciudadanoaustral.org\/web\/wp-json\/wp\/v2\/posts\/4017","targetHints":{"allow":["GET"]}}],"collection":[{"href":"https:\/\/ciudadanoaustral.org\/web\/wp-json\/wp\/v2\/posts"}],"about":[{"href":"https:\/\/ciudadanoaustral.org\/web\/wp-json\/wp\/v2\/types\/post"}],"author":[{"embeddable":true,"href":"https:\/\/ciudadanoaustral.org\/web\/wp-json\/wp\/v2\/users\/3"}],"replies":[{"embeddable":true,"href":"https:\/\/ciudadanoaustral.org\/web\/wp-json\/wp\/v2\/comments?post=4017"}],"version-history":[{"count":1,"href":"https:\/\/ciudadanoaustral.org\/web\/wp-json\/wp\/v2\/posts\/4017\/revisions"}],"predecessor-version":[{"id":4019,"href":"https:\/\/ciudadanoaustral.org\/web\/wp-json\/wp\/v2\/posts\/4017\/revisions\/4019"}],"wp:featuredmedia":[{"embeddable":true,"href":"https:\/\/ciudadanoaustral.org\/web\/wp-json\/wp\/v2\/media\/4018"}],"wp:attachment":[{"href":"https:\/\/ciudadanoaustral.org\/web\/wp-json\/wp\/v2\/media?parent=4017"}],"wp:term":[{"taxonomy":"category","embeddable":true,"href":"https:\/\/ciudadanoaustral.org\/web\/wp-json\/wp\/v2\/categories?post=4017"},{"taxonomy":"post_tag","embeddable":true,"href":"https:\/\/ciudadanoaustral.org\/web\/wp-json\/wp\/v2\/tags?post=4017"}],"curies":[{"name":"wp","href":"https:\/\/api.w.org\/{rel}","templated":true}]}}