{"id":3725,"date":"2016-11-02T22:45:45","date_gmt":"2016-11-02T22:45:45","guid":{"rendered":"http:\/\/ciudadanoaustral.org\/web\/?p=3725"},"modified":"2017-03-14T19:43:24","modified_gmt":"2017-03-14T19:43:24","slug":"director-ejecutivo-de-la-fundacion-ciudadano-austral-participa-en-coloquio-internacional-en-guatemala","status":"publish","type":"post","link":"https:\/\/ciudadanoaustral.org\/web\/2016\/11\/02\/director-ejecutivo-de-la-fundacion-ciudadano-austral-participa-en-coloquio-internacional-en-guatemala\/","title":{"rendered":"Director Ejecutivo de la Fundaci\u00f3n Ciudadano Austral participa en Coloquio Internacional en Guatemala"},"content":{"rendered":"<p>El ingeniero y Director Ejecutivo de la Fundaci\u00f3n Ciudadano Austral, Andr\u00e9s Barrientos C\u00e1rdenas, fue invitado por \u00abLiberty Fund\u00bb -instituci\u00f3n norteamericana dedicada a la promoci\u00f3n y difusi\u00f3n de las ideas de la libertad- a participar como exponente en el Coloquio\u00a0\u00abAdam Smith sobre la Libertad y Probidad\u00bb, organizado en conjunto con la Universidad Francisco Marroqu\u00edn de Guatemala.<\/p>\n<p>El castre\u00f1o Barrientos fue el \u00fanico chileno invitado a esta actividad, que cont\u00f3 con representantes de prestigiosos centros de estudios y universidades de toda Iberoam\u00e9rica,\u00a0<em>\u00abfue un honor y una gran responsabilidad estar en una instancia acad\u00e9mica tan selecta como esta, con personas destacadas en la promoci\u00f3n de las ideas de las de la sociedad libre, tanto como chileno, chilote y como Ciudadano Austral\u00bb<\/em>, afirm\u00f3 el ingeniero.<\/p>\n<p>Adem\u00e1s, el Director Ejecutivo de Ciudadano Austral, en su visita a Guatemala, fue invitado a conversar sobre temas de descentralizaci\u00f3n -que es uno de los ejes de la fundaci\u00f3n sure\u00f1a- en la Asociaci\u00f3n Nacional de Municipalidades (ANAM) de dicho pa\u00eds. Barrientos destac\u00f3 este hecho indicando\u00a0<em>que \u00abhay muchos temas en los que Chile est\u00e1 m\u00e1s avanzado y que puede exportar en materia de descentralizaci\u00f3n, de igual forma, es una instancia de aprendizaje para conocer las buenas pr\u00e1cticas en materias de dotar de mayor autonom\u00eda a las municipalidades\u00bb.<\/em><\/p>\n<p>La agenda nutrida del chilote en ciudad de Guatemala incluy\u00f3 tambi\u00e9n una entrevista para el canal de televisi\u00f3n de la Universidad Francisco Marroqu\u00edn, en donde tuvo la oportunidad de presentar los proyectos que realiza la fundaci\u00f3n Ciudadano Austral en el sur de nuestro pa\u00eds.<\/p>\n<p>Para Barrientos esta invitaci\u00f3n de parte de \u00a0\u00abLiberty Fund\u00bb para participar del coloquio es un nuevo reconocimiento internacional a la labor que realiza la Fundaci\u00f3n Ciudadano Austral, en donde actualmente sus actividades se desarrollan entre Valdivia y Punta Arenas, el ingeniero lo detalla indicando que\u00a0<em>\u00abha sido muy importante para nosotros como Fundaci\u00f3n contar con una nueva invitaci\u00f3n a una actividad fuera de las fronteras de Chile, porque es un claro indicador del positivo impacto que hemos tenido ac\u00e1 en el sur y que eso es reconocido por instituciones internacionales, lo cual nos llama a continuar el trabajo en defensa y promoci\u00f3n de la sociedad libre y responsable\u00bb.<\/em><\/p>\n<p>Para este mes de noviembre Ciudadano Austral tiene agendadas actividades con el escritor argentino Agust\u00edn Laje, quien vendr\u00e1 a presentar su m\u00e1s reciente obra \u00abEl libro negro de la nueva izquierda: ideolog\u00eda de g\u00e9nero o subversi\u00f3n cultural\u00bb.<\/p>\n","protected":false},"excerpt":{"rendered":"<p>El ingeniero y Director Ejecutivo de la Fundaci\u00f3n Ciudadano Austral, Andr\u00e9s Barrientos C\u00e1rdenas, fue invitado por \u00abLiberty Fund\u00bb -instituci\u00f3n norteamericana dedicada a la promoci\u00f3n y difusi\u00f3n de las ideas de la libertad- a participar como exponente en el Coloquio\u00a0\u00abAdam Smith sobre la Libertad y Probidad\u00bb, organizado en conjunto con la Universidad Francisco Marroqu\u00edn de Guatemala&#8230;. <\/p>\n<div class=\"clear\"><\/div>\n<p><a href=\"https:\/\/ciudadanoaustral.org\/web\/2016\/11\/02\/director-ejecutivo-de-la-fundacion-ciudadano-austral-participa-en-coloquio-internacional-en-guatemala\/\" class=\"excerpt-read-more\">Read More<\/a><\/p>\n","protected":false},"author":3,"featured_media":3727,"comment_status":"closed","ping_status":"closed","sticky":false,"template":"","format":"standard","meta":{"footnotes":""},"categories":[4],"tags":[],"class_list":["post-3725","post","type-post","status-publish","format-standard","has-post-thumbnail","hentry","category-noticias"],"aioseo_notices":[],"_links":{"self":[{"href":"https:\/\/ciudadanoaustral.org\/web\/wp-json\/wp\/v2\/posts\/3725","targetHints":{"allow":["GET"]}}],"collection":[{"href":"https:\/\/ciudadanoaustral.org\/web\/wp-json\/wp\/v2\/posts"}],"about":[{"href":"https:\/\/ciudadanoaustral.org\/web\/wp-json\/wp\/v2\/types\/post"}],"author":[{"embeddable":true,"href":"https:\/\/ciudadanoaustral.org\/web\/wp-json\/wp\/v2\/users\/3"}],"replies":[{"embeddable":true,"href":"https:\/\/ciudadanoaustral.org\/web\/wp-json\/wp\/v2\/comments?post=3725"}],"version-history":[{"count":2,"href":"https:\/\/ciudadanoaustral.org\/web\/wp-json\/wp\/v2\/posts\/3725\/revisions"}],"predecessor-version":[{"id":3728,"href":"https:\/\/ciudadanoaustral.org\/web\/wp-json\/wp\/v2\/posts\/3725\/revisions\/3728"}],"wp:featuredmedia":[{"embeddable":true,"href":"https:\/\/ciudadanoaustral.org\/web\/wp-json\/wp\/v2\/media\/3727"}],"wp:attachment":[{"href":"https:\/\/ciudadanoaustral.org\/web\/wp-json\/wp\/v2\/media?parent=3725"}],"wp:term":[{"taxonomy":"category","embeddable":true,"href":"https:\/\/ciudadanoaustral.org\/web\/wp-json\/wp\/v2\/categories?post=3725"},{"taxonomy":"post_tag","embeddable":true,"href":"https:\/\/ciudadanoaustral.org\/web\/wp-json\/wp\/v2\/tags?post=3725"}],"curies":[{"name":"wp","href":"https:\/\/api.w.org\/{rel}","templated":true}]}}