{"id":3604,"date":"2016-12-01T17:34:37","date_gmt":"2016-12-01T17:34:37","guid":{"rendered":"http:\/\/chiloestreaming.com\/ciudadano\/wordpress\/?p=3604"},"modified":"2017-03-14T19:43:18","modified_gmt":"2017-03-14T19:43:18","slug":"fundacion-de-la-region-de-los-lagos-trae-al-escritor-cordobes-agustin-laje","status":"publish","type":"post","link":"https:\/\/ciudadanoaustral.org\/web\/2016\/12\/01\/fundacion-de-la-region-de-los-lagos-trae-al-escritor-cordobes-agustin-laje\/","title":{"rendered":"Fundaci\u00f3n de la regi\u00f3n de Los Lagos trae al escritor cordob\u00e9s Agust\u00edn Laje"},"content":{"rendered":"<p dir=\"ltr\"><img loading=\"lazy\" decoding=\"async\" class=\"size-medium wp-image-3606 alignleft\" src=\"http:\/\/chiloestreaming.com\/ciudadano\/wordpress\/wp-content\/uploads\/2016\/12\/03-194x300.png\" alt=\"03\" width=\"194\" height=\"300\" \/>La Fundaci\u00f3n Ciudadano Austral, think tank que promueve las ideas y valores de la sociedad libre y responsable, invit\u00f3 al pol\u00e9mico autor argentino Agust\u00edn Laje a una serie de conferencias en tres regiones del pa\u00eds.<\/p>\n<p dir=\"ltr\">Laje,\u00a0es un joven ensayista cordob\u00e9s, que ha publicado 4\u00a0libros\u00a0y brindado conferencias en las principales ciudades del continente americano. En esta oportunidad se encuentra promocionando su m\u00e1s reciente trabajo, \u00abEl libro negro de la nueva izquierda\u00bb(Grupo Editorial, 2016), en co-autor\u00eda con Nicol\u00e1s M\u00e1rquez.<\/p>\n<p dir=\"ltr\">Con presentaciones del libro en Santiago y tambi\u00e9n en regiones, donde destaca la actividad que se llev\u00f3 a cabo en Puerto Varas este s\u00e1bado 19 de noviembre, a las en el Hotel Radisson Park Inn donde el autor argentino estuvo conversando y compartiendo con p\u00fablico y l\u00edderes de la sociedad civil que promueven los valores de la vida y la familia, encabezados por el MUVF. Este evento cont\u00f3 con la introducci\u00f3n del Ingeniero Civil y Director Ejecutivo de la fundaci\u00f3n sure\u00f1a Andr\u00e9s Barrientos C\u00e1rdenas, quien coment\u00f3 sobre el pensamiento del italiano Antonio Gramsci. A juicio de \u00e9l \u00abeste evento representa el compromiso que tenemos como fundaci\u00f3n para difundir las ideas de la sociedad libre, invitando al autor que es best seller en amazon, lo que es una gran oportunidad para que los chilenos y la gente de nuestra regi\u00f3n conozca de primera fuente una discusi\u00f3n que est\u00e1 dando que hablar en latinoam\u00e9rica y en occidente\u00bb, finalizando con la conferencia magistral del autor trasandino quien examin\u00f3 los alcances de su investigaci\u00f3n centrada en la ideolog\u00eda de g\u00e9nero plasmada en su reciente publicaci\u00f3n \u00abEl libro negro de la nueva izquierda\u00bb.<\/p>\n<p dir=\"ltr\">La gira del escritor transandino contempl\u00f3 siete conferencias y un debate, en 3 regiones, terminando su visita a nuestro pa\u00eds el s\u00e1bado 19 en Puerto Varas registrando un total cercano a 300 asistentes.<\/p>\n","protected":false},"excerpt":{"rendered":"<p>La Fundaci\u00f3n Ciudadano Austral, think tank que promueve las ideas y valores de la sociedad libre y responsable, invit\u00f3 al pol\u00e9mico autor argentino Agust\u00edn Laje a una serie de conferencias en tres regiones del pa\u00eds. Laje,\u00a0es un joven ensayista cordob\u00e9s, que ha publicado 4\u00a0libros\u00a0y brindado conferencias en las principales ciudades del continente americano. En esta&#8230; <\/p>\n<div class=\"clear\"><\/div>\n<p><a href=\"https:\/\/ciudadanoaustral.org\/web\/2016\/12\/01\/fundacion-de-la-region-de-los-lagos-trae-al-escritor-cordobes-agustin-laje\/\" class=\"excerpt-read-more\">Read More<\/a><\/p>\n","protected":false},"author":3,"featured_media":3631,"comment_status":"closed","ping_status":"closed","sticky":false,"template":"","format":"standard","meta":{"footnotes":""},"categories":[4],"tags":[],"class_list":["post-3604","post","type-post","status-publish","format-standard","has-post-thumbnail","hentry","category-noticias"],"aioseo_notices":[],"_links":{"self":[{"href":"https:\/\/ciudadanoaustral.org\/web\/wp-json\/wp\/v2\/posts\/3604","targetHints":{"allow":["GET"]}}],"collection":[{"href":"https:\/\/ciudadanoaustral.org\/web\/wp-json\/wp\/v2\/posts"}],"about":[{"href":"https:\/\/ciudadanoaustral.org\/web\/wp-json\/wp\/v2\/types\/post"}],"author":[{"embeddable":true,"href":"https:\/\/ciudadanoaustral.org\/web\/wp-json\/wp\/v2\/users\/3"}],"replies":[{"embeddable":true,"href":"https:\/\/ciudadanoaustral.org\/web\/wp-json\/wp\/v2\/comments?post=3604"}],"version-history":[{"count":2,"href":"https:\/\/ciudadanoaustral.org\/web\/wp-json\/wp\/v2\/posts\/3604\/revisions"}],"predecessor-version":[{"id":3635,"href":"https:\/\/ciudadanoaustral.org\/web\/wp-json\/wp\/v2\/posts\/3604\/revisions\/3635"}],"wp:featuredmedia":[{"embeddable":true,"href":"https:\/\/ciudadanoaustral.org\/web\/wp-json\/wp\/v2\/media\/3631"}],"wp:attachment":[{"href":"https:\/\/ciudadanoaustral.org\/web\/wp-json\/wp\/v2\/media?parent=3604"}],"wp:term":[{"taxonomy":"category","embeddable":true,"href":"https:\/\/ciudadanoaustral.org\/web\/wp-json\/wp\/v2\/categories?post=3604"},{"taxonomy":"post_tag","embeddable":true,"href":"https:\/\/ciudadanoaustral.org\/web\/wp-json\/wp\/v2\/tags?post=3604"}],"curies":[{"name":"wp","href":"https:\/\/api.w.org\/{rel}","templated":true}]}}